{"id":24956,"date":"2024-09-05T11:45:24","date_gmt":"2024-09-05T16:45:24","guid":{"rendered":"https:\/\/sacramentoqr.com\/?p=24956"},"modified":"2024-09-05T16:45:26","modified_gmt":"2024-09-05T16:45:26","slug":"eugenio-segura-reafirma-su-compromiso-con-la-cuarta-transformacion-en-su-primer-discurso-como-senador","status":"publish","type":"post","link":"https:\/\/sacramentoqr.com\/?p=24956","title":{"rendered":"Eugenio Segura reafirma su compromiso con la Cuarta Transformaci\u00f3n en su Primer Discurso como Senador"},"content":{"rendered":"<p>\ud83d\udd38 El legislador destac\u00f3 el momento hist\u00f3rico que vive M\u00e9xico y la oportunidad que tiene para avanzar en los objetivos de esta transformaci\u00f3n<\/p>\n<p>#QUINTANAROO | En un ambiente de expectaci\u00f3n y optimismo, Eugenio Segura, senador de Morena por Quintana Roo, tom\u00f3 la tribuna en la primera sesi\u00f3n del Senado de la Rep\u00fablica.<\/p>\n<p>Segura, quien llega a la C\u00e1mara Alta con el respaldo de una significativa base de apoyo quintanarroense, expres\u00f3 su firme compromiso con los ideales de la Cuarta Transformaci\u00f3n que promueve el actual gobierno.<\/p>\n<p>En su discurso inaugural, Segura destac\u00f3 el momento hist\u00f3rico que vive M\u00e9xico y la oportunidad que representa para avanzar en los objetivos de esta transformaci\u00f3n.<\/p>\n<p>\u201cTengo el honor de representar a miles de quintanarroenses que tienen la convicci\u00f3n de consolidar la Cuarta Transformaci\u00f3n\u00bb, declar\u00f3 el senador. \u00abEn la primera sesi\u00f3n del Senado de la Rep\u00fablica, reafirmo mi compromiso de trabajar para lograr este objetivo.\u00bb<\/p>\n<p>El legislador enfatiz\u00f3 la importancia de construir un futuro s\u00f3lido y justo para todos los ciudadanos, subrayando que su enfoque estar\u00e1 en impulsar pol\u00edticas y proyectos que reflejen las aspiraciones de sus representados. \u201c\u00a1La construcci\u00f3n de futuro est\u00e1 en marcha!\u201d a\u00f1adi\u00f3, cerrando su intervenci\u00f3n con el lema #ALaSegura, que resuena como una promesa de compromiso y dedicaci\u00f3n.<\/p>\n<p>La presencia de Eugenio Segura en el Senado marca un nuevo cap\u00edtulo en la representaci\u00f3n pol\u00edtica de Quintana Roo y promete ser un componente clave en el impulso de la agenda de la Cuarta Transformaci\u00f3n en el Congreso.<\/p>\n","protected":false},"excerpt":{"rendered":"<p>\ud83d\udd38 El legislador destac\u00f3 el momento hist\u00f3rico que vive M\u00e9xico y la oportunidad que tiene&#8230;<\/p>\n","protected":false},"author":1,"featured_media":24958,"comment_status":"open","ping_status":"closed","sticky":false,"template":"","format":"standard","meta":{"footnotes":""},"categories":[10],"tags":[],"class_list":["post-24956","post","type-post","status-publish","format-standard","has-post-thumbnail","hentry","category-quintana-roo"],"_links":{"self":[{"href":"https:\/\/sacramentoqr.com\/index.php?rest_route=\/wp\/v2\/posts\/24956","targetHints":{"allow":["GET"]}}],"collection":[{"href":"https:\/\/sacramentoqr.com\/index.php?rest_route=\/wp\/v2\/posts"}],"about":[{"href":"https:\/\/sacramentoqr.com\/index.php?rest_route=\/wp\/v2\/types\/post"}],"author":[{"embeddable":true,"href":"https:\/\/sacramentoqr.com\/index.php?rest_route=\/wp\/v2\/users\/1"}],"replies":[{"embeddable":true,"href":"https:\/\/sacramentoqr.com\/index.php?rest_route=%2Fwp%2Fv2%2Fcomments&post=24956"}],"version-history":[{"count":1,"href":"https:\/\/sacramentoqr.com\/index.php?rest_route=\/wp\/v2\/posts\/24956\/revisions"}],"predecessor-version":[{"id":24957,"href":"https:\/\/sacramentoqr.com\/index.php?rest_route=\/wp\/v2\/posts\/24956\/revisions\/24957"}],"wp:featuredmedia":[{"embeddable":true,"href":"https:\/\/sacramentoqr.com\/index.php?rest_route=\/wp\/v2\/media\/24958"}],"wp:attachment":[{"href":"https:\/\/sacramentoqr.com\/index.php?rest_route=%2Fwp%2Fv2%2Fmedia&parent=24956"}],"wp:term":[{"taxonomy":"category","embeddable":true,"href":"https:\/\/sacramentoqr.com\/index.php?rest_route=%2Fwp%2Fv2%2Fcategories&post=24956"},{"taxonomy":"post_tag","embeddable":true,"href":"https:\/\/sacramentoqr.com\/index.php?rest_route=%2Fwp%2Fv2%2Ftags&post=24956"}],"curies":[{"name":"wp","href":"https:\/\/api.w.org\/{rel}","templated":true}]}}