{"id":25016,"date":"2024-09-11T10:21:09","date_gmt":"2024-09-11T15:21:09","guid":{"rendered":"https:\/\/sacramentoqr.com\/?p=25016"},"modified":"2024-09-11T15:21:11","modified_gmt":"2024-09-11T15:21:11","slug":"aeromexico-presenta-su-nuevo-logo-celebrando-sus-90-anos-llevando-mexico-al-mundo","status":"publish","type":"post","link":"https:\/\/sacramentoqr.com\/?p=25016","title":{"rendered":"Aerom\u00e9xico presenta su nuevo logo, celebrando sus 90 a\u00f1os \u201cLlevando M\u00e9xico al mundo\u201d"},"content":{"rendered":"<p>\ud83d\udd38 La aerol\u00ednea agradeci\u00f3 en redes sociales y comparti\u00f3 la imagen como parte de la celebraci\u00f3n de su aniversario<\/p>\n<p>#NACIONAL. Hace 90 a\u00f1os naci\u00f3 una de las aerol\u00edneas m\u00e1s importantes de M\u00e9xico, Aerom\u00e9xico, aerol\u00ednea que ahora ha estrenado nuevo logo como parte de esta celebraci\u00f3n por su noventa aniversario.<\/p>\n<p>Durante d\u00e9cadas, Aerom\u00e9xico ha innovado en sus servicios e imagen, ofreciendo la mejor calidad de atenci\u00f3n para lograr la mayor experiencia posible.<\/p>\n<p>Con este nuevo logo, la aerol\u00ednea ha tenido desde su creaci\u00f3n en 1934, nueve logos, \u00bfLos conoces?<\/p>\n<p>A trav\u00e9s de sus redes sociales, la aerol\u00ednea comparti\u00f3 en su plataforma de X, una publicaci\u00f3n en la que hace menci\u00f3n de su aniversario y agradece la experiencia conectando culturas.<\/p>\n<p>\u201cHace 90 a\u00f1os pensamos, \u00bfY si volamos? Hoy seguimos elevando experiencias y conectando culturas. \u00a1Gracias por ser parte de la historia de Aerom\u00e9xico!\u201d, se lee en la descripci\u00f3n del tweet publicado.<\/p>\n<p>Aerom\u00e9xico la l\u00ednea m\u00e1s puntual del mundo<br \/>\nEn sus redes tambi\u00e9n hicieron menci\u00f3n del importante logro que se les ha otorgado, por cuarto mes en el a\u00f1o, la aerol\u00ednea m\u00e1s puntual del mundo con un On Time Performance del 86.54% superando su propio record.<\/p>\n<p>La aerol\u00ednea es una de las aerol\u00edneas m\u00e1s importantes del mundo y ahora con su nuevo logo, Aerom\u00e9xico busca mantener su calidad en el servicio de atenci\u00f3n a cliente y brindar la mejor experiencia posible.<\/p>\n<p>Las medallistas ol\u00edmpicas Alejandra Orozco y Gaby Agundez formaron parte de la m\u00e1s reciente campa\u00f1a de Aerom\u00e9xico para celebrar los 90 a\u00f1os de la aerol\u00ednea.<\/p>\n<p>&nbsp;<\/p>\n","protected":false},"excerpt":{"rendered":"<p>\ud83d\udd38 La aerol\u00ednea agradeci\u00f3 en redes sociales y comparti\u00f3 la imagen como parte de la&#8230;<\/p>\n","protected":false},"author":1,"featured_media":25018,"comment_status":"open","ping_status":"closed","sticky":false,"template":"","format":"standard","meta":{"footnotes":""},"categories":[7],"tags":[],"class_list":["post-25016","post","type-post","status-publish","format-standard","has-post-thumbnail","hentry","category-nacional"],"_links":{"self":[{"href":"https:\/\/sacramentoqr.com\/index.php?rest_route=\/wp\/v2\/posts\/25016","targetHints":{"allow":["GET"]}}],"collection":[{"href":"https:\/\/sacramentoqr.com\/index.php?rest_route=\/wp\/v2\/posts"}],"about":[{"href":"https:\/\/sacramentoqr.com\/index.php?rest_route=\/wp\/v2\/types\/post"}],"author":[{"embeddable":true,"href":"https:\/\/sacramentoqr.com\/index.php?rest_route=\/wp\/v2\/users\/1"}],"replies":[{"embeddable":true,"href":"https:\/\/sacramentoqr.com\/index.php?rest_route=%2Fwp%2Fv2%2Fcomments&post=25016"}],"version-history":[{"count":1,"href":"https:\/\/sacramentoqr.com\/index.php?rest_route=\/wp\/v2\/posts\/25016\/revisions"}],"predecessor-version":[{"id":25017,"href":"https:\/\/sacramentoqr.com\/index.php?rest_route=\/wp\/v2\/posts\/25016\/revisions\/25017"}],"wp:featuredmedia":[{"embeddable":true,"href":"https:\/\/sacramentoqr.com\/index.php?rest_route=\/wp\/v2\/media\/25018"}],"wp:attachment":[{"href":"https:\/\/sacramentoqr.com\/index.php?rest_route=%2Fwp%2Fv2%2Fmedia&parent=25016"}],"wp:term":[{"taxonomy":"category","embeddable":true,"href":"https:\/\/sacramentoqr.com\/index.php?rest_route=%2Fwp%2Fv2%2Fcategories&post=25016"},{"taxonomy":"post_tag","embeddable":true,"href":"https:\/\/sacramentoqr.com\/index.php?rest_route=%2Fwp%2Fv2%2Ftags&post=25016"}],"curies":[{"name":"wp","href":"https:\/\/api.w.org\/{rel}","templated":true}]}}