{"id":25046,"date":"2024-09-12T10:21:26","date_gmt":"2024-09-12T15:21:26","guid":{"rendered":"https:\/\/sacramentoqr.com\/?p=25046"},"modified":"2024-09-12T15:21:27","modified_gmt":"2024-09-12T15:21:27","slug":"gloria-trevi-pierde-batalla-legal-para-frenar-la-distribucion-del-libro-de-karla-de-la-cuesta-sobre-el-clan-trevi-andrade","status":"publish","type":"post","link":"https:\/\/sacramentoqr.com\/?p=25046","title":{"rendered":"Gloria Trevi pierde batalla legal para frenar la distribuci\u00f3n del libro de Karla de la Cuesta sobre el Clan Trevi-Andrade"},"content":{"rendered":"<p>\ud83d\udd38 La publicaci\u00f3n expone los abusos perpetrados por el exproductor musical Sergio Andrade y su red de explotaci\u00f3n, a la que Gloria Trevi estuvo vinculada durante los a\u00f1os 90<\/p>\n<p>#ESPECT\u00c1CULOS | Gloria Trevi ha sufrido un rev\u00e9s significativo en su batalla legal. El Instituto Mexicano de la Propiedad Industrial (IMPI) ha anulado las medidas cautelares que hab\u00edan bloqueado la distribuci\u00f3n del libro Todo a la Luz. El caso criminal que M\u00e9xico dej\u00f3 en la oscuridad, escrito por Karla de la Cuesta, quien fue v\u00edctima del conocido Clan Trevi-Andrade.<\/p>\n<p>Este libro, editado por Penguin Random House, expone los abusos perpetrados por Sergio Andrade y su red de explotaci\u00f3n, a la que Gloria Trevi estuvo vinculada durante los a\u00f1os 90. De la Cuesta, adem\u00e1s de ser una sobreviviente, es ahora abogada y activista, y en su obra presenta detalles extra\u00eddos del expediente judicial que documenta los abusos sufridos por m\u00e1s de 40 adolescentes y j\u00f3venes.<\/p>\n<p>El mes pasado, Trevi obtuvo medidas provisionales para detener la circulaci\u00f3n del libro, alegando una violaci\u00f3n a su derecho a la imagen. Sin embargo, el IMPI decidi\u00f3 que tales medidas constitu\u00edan una forma de censura previa y, por ende, las revoc\u00f3. Esta decisi\u00f3n permite que el libro sea distribuido libremente en librer\u00edas f\u00edsicas y digitales.<\/p>\n<p>En su fallo, el IMPI argument\u00f3 que prohibir el libro afectaba el derecho a la libertad de expresi\u00f3n e informaci\u00f3n, lo cual tiene un impacto negativo en la sociedad. \u201cNo se est\u00e1 ocasionando un da\u00f1o para la sociedad en su conjunto, puesto que los derechos de libertad de expresi\u00f3n y de libertad de informaci\u00f3n&#8230; son de mayor relevancia al resultar en beneficio de la sociedad en general\u201d, se\u00f1ala el fallo del Instituto.<\/p>\n<p>Pese a este rev\u00e9s, el equipo legal de Gloria Trevi a\u00fan tiene opciones para seguir luchando. Sus abogados podr\u00edan solicitar un amparo ante un juez de distrito en materia administrativa para intentar revertir la decisi\u00f3n del IMPI y detener la distribuci\u00f3n del libro. Sin embargo, esta alternativa es incierta y depender\u00e1 del criterio judicial.<\/p>\n<p>El caso ha generado un intenso debate sobre el equilibrio entre los derechos de imagen de las figuras p\u00fablicas y la libertad de expresi\u00f3n. La periodista Mar\u00eda Idalia G\u00f3mez, en el programa Aristegui en Vivo, discuti\u00f3 la decisi\u00f3n del IMPI y subray\u00f3 que \u201cuna marca no debe estar por encima de los derechos humanos\u201d.<\/p>\n<p>G\u00f3mez destac\u00f3 que, aunque la reputaci\u00f3n de Gloria Trevi estaba en juego, la importancia de los derechos humanos y la necesidad de difundir informaci\u00f3n relevante para la sociedad prevalecieron en esta decisi\u00f3n.<\/p>\n<p>El libro de Karla de la Cuesta proporciona una cr\u00edtica profunda sobre c\u00f3mo las autoridades mexicanas manejaron el caso Trevi-Andrade, revelando negligencias y complicidades que, en su momento, dejaron impune a un grupo poderoso de explotadores.<\/p>\n","protected":false},"excerpt":{"rendered":"<p>\ud83d\udd38 La publicaci\u00f3n expone los abusos perpetrados por el exproductor musical Sergio Andrade y su&#8230;<\/p>\n","protected":false},"author":1,"featured_media":25048,"comment_status":"open","ping_status":"closed","sticky":false,"template":"","format":"standard","meta":{"footnotes":""},"categories":[4],"tags":[],"class_list":["post-25046","post","type-post","status-publish","format-standard","has-post-thumbnail","hentry","category-espectaculos"],"_links":{"self":[{"href":"https:\/\/sacramentoqr.com\/index.php?rest_route=\/wp\/v2\/posts\/25046","targetHints":{"allow":["GET"]}}],"collection":[{"href":"https:\/\/sacramentoqr.com\/index.php?rest_route=\/wp\/v2\/posts"}],"about":[{"href":"https:\/\/sacramentoqr.com\/index.php?rest_route=\/wp\/v2\/types\/post"}],"author":[{"embeddable":true,"href":"https:\/\/sacramentoqr.com\/index.php?rest_route=\/wp\/v2\/users\/1"}],"replies":[{"embeddable":true,"href":"https:\/\/sacramentoqr.com\/index.php?rest_route=%2Fwp%2Fv2%2Fcomments&post=25046"}],"version-history":[{"count":1,"href":"https:\/\/sacramentoqr.com\/index.php?rest_route=\/wp\/v2\/posts\/25046\/revisions"}],"predecessor-version":[{"id":25047,"href":"https:\/\/sacramentoqr.com\/index.php?rest_route=\/wp\/v2\/posts\/25046\/revisions\/25047"}],"wp:featuredmedia":[{"embeddable":true,"href":"https:\/\/sacramentoqr.com\/index.php?rest_route=\/wp\/v2\/media\/25048"}],"wp:attachment":[{"href":"https:\/\/sacramentoqr.com\/index.php?rest_route=%2Fwp%2Fv2%2Fmedia&parent=25046"}],"wp:term":[{"taxonomy":"category","embeddable":true,"href":"https:\/\/sacramentoqr.com\/index.php?rest_route=%2Fwp%2Fv2%2Fcategories&post=25046"},{"taxonomy":"post_tag","embeddable":true,"href":"https:\/\/sacramentoqr.com\/index.php?rest_route=%2Fwp%2Fv2%2Ftags&post=25046"}],"curies":[{"name":"wp","href":"https:\/\/api.w.org\/{rel}","templated":true}]}}