{"id":25081,"date":"2024-09-14T00:50:44","date_gmt":"2024-09-14T00:50:44","guid":{"rendered":"https:\/\/sacramentoqr.com\/?p=25081"},"modified":"2024-09-15T05:55:22","modified_gmt":"2024-09-15T05:55:22","slug":"en-la-cara-si-christian-nodal-anuncia-que-se-sometera-a-una-intervencion","status":"publish","type":"post","link":"https:\/\/sacramentoqr.com\/?p=25081","title":{"rendered":"En la cara s\u00ed: Christian Nodal anuncia que se someter\u00e1 a una intervenci\u00f3n"},"content":{"rendered":"<p>\ud83d\udd38El cantante afirma que est\u00e1 preocupado por el dolor que podr\u00eda sentir.<\/p>\n<p>#ESPECT\u00c1CULOS | El cantante de regional mexicano, Christian Nodal, comparti\u00f3 en sus redes sociales que se someter\u00e1 a una intervenci\u00f3n en el rostro y adelant\u00f3 que est\u00e1 preocupado por el dolor que le podr\u00eda causar.<\/p>\n<p>Christian Nodal es un cantante que ha conquistado al p\u00fablico con su talento y carisma, posicion\u00e1ndose en los primeros lugares de las listas de reproducci\u00f3n\u00a0del regional mexicano.<\/p>\n<p>En 2017, el int\u00e9rprete, de tan s\u00f3lo 18 a\u00f1os, alcanz\u00f3 la fama en M\u00e9xico y Estados Unidos tras el lanzamiento de Adi\u00f3s amor, tema musical que recorri\u00f3 el mundo y consigui\u00f3 el puesto n\u00famero dos en la lista de Billboard Top Latin Songs.<\/p>\n<p>A siete a\u00f1os desde entonces, ahora cuenta con millones de oyentes al a\u00f1o en todas sus plataformas de streaming.<\/p>\n<p>Por medio de una historia de Instagram, Nodal comunic\u00f3\u00a0a sus m\u00e1s de 11 millones de seguidores que\u00a0estaba nervioso porque se someter\u00eda a una intervenci\u00f3n\u00a0en el rostro.<\/p>\n<p>Esto se debe a que el cantante de \u00abYa no somos ni seremos\u00bb,\u00a0desde hace meses est\u00e1 en un proceso de eliminaci\u00f3n de tatuajes en el rostro, un procedimiento que describe como doloroso, pero necesario para \u00e9l.<\/p>\n<p>\u00abHoy tambi\u00e9n estoy nervioso porque, a diferencia de ayer, hoy tengo una sesi\u00f3n para seguir borrando mis tatuajes de la cara\u00bb, dijo.<\/p>\n<p>Agreg\u00f3 que uno de los aspectos que le preocupan es que teme por las reacciones que vaya a tener luego de su intervenci\u00f3n de eliminaci\u00f3n de tatuajes en su rostro.<\/p>\n<p>\u00abY bueno, a ver c\u00f3mo nos va con la inflamaci\u00f3n, la irritaci\u00f3n, el dolor y todo. Des\u00e9enme suerte, por favor\u00bb, comparti\u00f3 el esposo de \u00c1ngela Aguilar.<\/p>\n<p>\u00bfPor qu\u00e9 se realiz\u00f3 sus tatuajes Christian Nodal?<br \/>\nEl pasado mes de mayo, Christian Nodal fue entrevistado por el canal de YouTube\u00a0Noche De Luz; ah\u00ed\u00a0mencion\u00f3 que la decisi\u00f3n de realizar realizarse tatuajes en la cara fue un acto de rebeld\u00eda en respuesta a los estereotipos que existen dentro de la industria del g\u00e9nero regional mexicano.<\/p>\n<p>Incluso el cantante detall\u00f3 que algunos de los tatuajes que se ha hecho no tienen ning\u00fan significado en espec\u00edfico.<\/p>\n<p>\u00abEn su momento me encantaban los tatuajes. Lo hice por rebeld\u00eda. Yo sent\u00eda que me quer\u00edan encasillar, como &#8216;que vaya a ser como don Vicente (Fern\u00e1ndez)&#8217;. Quer\u00eda no gustarle a la gente para que nada m\u00e1s le gustara mi m\u00fasica\u00bb, explic\u00f3.<br \/>\nAl enterarse de la inminente llegada de su hija, el cantante dio a conocer en una entrevista que hab\u00eda decidido iniciar el proceso para eliminar la mayor\u00eda de los tatuajes que tienen el rostro; pues quer\u00eda que su hija conociera su cara tal cual es.<\/p>\n","protected":false},"excerpt":{"rendered":"<p>\ud83d\udd38El cantante afirma que est\u00e1 preocupado por el dolor que podr\u00eda sentir. #ESPECT\u00c1CULOS | El&#8230;<\/p>\n","protected":false},"author":1,"featured_media":25083,"comment_status":"open","ping_status":"closed","sticky":false,"template":"","format":"standard","meta":{"footnotes":""},"categories":[4],"tags":[],"class_list":["post-25081","post","type-post","status-publish","format-standard","has-post-thumbnail","hentry","category-espectaculos"],"_links":{"self":[{"href":"https:\/\/sacramentoqr.com\/index.php?rest_route=\/wp\/v2\/posts\/25081","targetHints":{"allow":["GET"]}}],"collection":[{"href":"https:\/\/sacramentoqr.com\/index.php?rest_route=\/wp\/v2\/posts"}],"about":[{"href":"https:\/\/sacramentoqr.com\/index.php?rest_route=\/wp\/v2\/types\/post"}],"author":[{"embeddable":true,"href":"https:\/\/sacramentoqr.com\/index.php?rest_route=\/wp\/v2\/users\/1"}],"replies":[{"embeddable":true,"href":"https:\/\/sacramentoqr.com\/index.php?rest_route=%2Fwp%2Fv2%2Fcomments&post=25081"}],"version-history":[{"count":1,"href":"https:\/\/sacramentoqr.com\/index.php?rest_route=\/wp\/v2\/posts\/25081\/revisions"}],"predecessor-version":[{"id":25082,"href":"https:\/\/sacramentoqr.com\/index.php?rest_route=\/wp\/v2\/posts\/25081\/revisions\/25082"}],"wp:featuredmedia":[{"embeddable":true,"href":"https:\/\/sacramentoqr.com\/index.php?rest_route=\/wp\/v2\/media\/25083"}],"wp:attachment":[{"href":"https:\/\/sacramentoqr.com\/index.php?rest_route=%2Fwp%2Fv2%2Fmedia&parent=25081"}],"wp:term":[{"taxonomy":"category","embeddable":true,"href":"https:\/\/sacramentoqr.com\/index.php?rest_route=%2Fwp%2Fv2%2Fcategories&post=25081"},{"taxonomy":"post_tag","embeddable":true,"href":"https:\/\/sacramentoqr.com\/index.php?rest_route=%2Fwp%2Fv2%2Ftags&post=25081"}],"curies":[{"name":"wp","href":"https:\/\/api.w.org\/{rel}","templated":true}]}}