{"id":25124,"date":"2024-09-16T13:19:33","date_gmt":"2024-09-16T18:19:33","guid":{"rendered":"https:\/\/sacramentoqr.com\/?p=25124"},"modified":"2024-09-16T18:19:35","modified_gmt":"2024-09-16T18:19:35","slug":"baja-california-sur-celebra-el-214-aniversario-de-la-independencia-con-unidad-y-orgullo","status":"publish","type":"post","link":"https:\/\/sacramentoqr.com\/?p=25124","title":{"rendered":"Baja California Sur celebra el 214 aniversario de la Independencia con unidad y orgullo"},"content":{"rendered":"<p>\ud83d\udd38Fuegos artificiales y drones iluminaron la Plaza de la Reforma, mientras miles de ciudadanos celebraron los valores patrios con el Gobernador al frente del Grito de Independencia.<\/p>\n<p>#BAJACALIFORNIASUR | La noche del domingo 15 de septiembre, el Gobernador del Estado, V\u00edctor Manuel Castro Cos\u00edo, encabez\u00f3 por tercera ocasi\u00f3n la conmemoraci\u00f3n del Grito de Independencia, en el marco del 214 aniversario del inicio de esta lucha hist\u00f3rica para M\u00e9xico.<\/p>\n<p>Desde el balc\u00f3n principal del Palacio de Gobierno, el mandatario estatal vitore\u00f3 a los h\u00e9roes que nos dieron patria y libertad. El evento inici\u00f3 cuando el Gobernador de Baja California Sur recibi\u00f3 el l\u00e1baro patrio de manos de la escolta de la Tercera Zona Militar.<\/p>\n<p>En su discurso, Castro Cos\u00edo record\u00f3 a los h\u00e9roes que, con su valent\u00eda y sacrificio, lograron la independencia de M\u00e9xico. La uni\u00f3n entre las y los sudcalifornianos, qued\u00f3 de manifiesto con la participaci\u00f3n de miles de personas que se dieron cita en la Plaza de la Reforma quienes con gran fervor patri\u00f3tico, corearon al un\u00edsono el tradicional \u00a1Viva M\u00e9xico!, y disfrutaron del espect\u00e1culo de fuegos artificiales y drones que iluminaron el cielo, marcando el cierre de una noche memorable.<\/p>\n<p>El ejecutivo estatal estuvo acompa\u00f1ado por su esposa, Patricia L\u00f3pez Navarro, as\u00ed como por diversas autoridades civiles y militares, en una velada que uni\u00f3 a la ciudadan\u00eda en torno a los valores patrios y el orgullo de ser mexicanas y mexicanos.<\/p>\n","protected":false},"excerpt":{"rendered":"<p>\ud83d\udd38Fuegos artificiales y drones iluminaron la Plaza de la Reforma, mientras miles de ciudadanos celebraron&#8230;<\/p>\n","protected":false},"author":1,"featured_media":25126,"comment_status":"open","ping_status":"closed","sticky":false,"template":"","format":"standard","meta":{"footnotes":""},"categories":[32],"tags":[],"class_list":["post-25124","post","type-post","status-publish","format-standard","has-post-thumbnail","hentry","category-baja-california-sur"],"_links":{"self":[{"href":"https:\/\/sacramentoqr.com\/index.php?rest_route=\/wp\/v2\/posts\/25124","targetHints":{"allow":["GET"]}}],"collection":[{"href":"https:\/\/sacramentoqr.com\/index.php?rest_route=\/wp\/v2\/posts"}],"about":[{"href":"https:\/\/sacramentoqr.com\/index.php?rest_route=\/wp\/v2\/types\/post"}],"author":[{"embeddable":true,"href":"https:\/\/sacramentoqr.com\/index.php?rest_route=\/wp\/v2\/users\/1"}],"replies":[{"embeddable":true,"href":"https:\/\/sacramentoqr.com\/index.php?rest_route=%2Fwp%2Fv2%2Fcomments&post=25124"}],"version-history":[{"count":1,"href":"https:\/\/sacramentoqr.com\/index.php?rest_route=\/wp\/v2\/posts\/25124\/revisions"}],"predecessor-version":[{"id":25125,"href":"https:\/\/sacramentoqr.com\/index.php?rest_route=\/wp\/v2\/posts\/25124\/revisions\/25125"}],"wp:featuredmedia":[{"embeddable":true,"href":"https:\/\/sacramentoqr.com\/index.php?rest_route=\/wp\/v2\/media\/25126"}],"wp:attachment":[{"href":"https:\/\/sacramentoqr.com\/index.php?rest_route=%2Fwp%2Fv2%2Fmedia&parent=25124"}],"wp:term":[{"taxonomy":"category","embeddable":true,"href":"https:\/\/sacramentoqr.com\/index.php?rest_route=%2Fwp%2Fv2%2Fcategories&post=25124"},{"taxonomy":"post_tag","embeddable":true,"href":"https:\/\/sacramentoqr.com\/index.php?rest_route=%2Fwp%2Fv2%2Ftags&post=25124"}],"curies":[{"name":"wp","href":"https:\/\/api.w.org\/{rel}","templated":true}]}}