{"id":25151,"date":"2024-09-18T11:14:37","date_gmt":"2024-09-18T16:14:37","guid":{"rendered":"https:\/\/sacramentoqr.com\/?p=25151"},"modified":"2024-09-18T16:14:39","modified_gmt":"2024-09-18T16:14:39","slug":"me-traicionaron-los-nervios-camila-fernandez-tras-error-en-el-himno-en-la-pelea-canelo-vs-berlanga","status":"publish","type":"post","link":"https:\/\/sacramentoqr.com\/?p=25151","title":{"rendered":"&#8216;Me traicionaron los nervios&#8217;: Camila Fern\u00e1ndez tras error en el himno en la pelea &#8216;Canelo&#8217; vs Berlanga"},"content":{"rendered":"<p>\ud83d\udd38La joven cantante public\u00f3 un mensaje en sus redes donde explica lo sucedido en la T-Mobile Arena<\/p>\n<p>#ESPECT\u00c1CULOS. En la previa de la pelea entre Sa\u00fal \u2018Canelo\u2019 \u00c1lvarez y Edgar Berlanga, Camila Fern\u00e1ndez fue la encargada de entonar el himno nacional mexicano, pero la joven cantante se equivoc\u00f3 en la segunda estrofa al decir: \u201cprofanar con su planta tu tierra\u201d, en vez de \u201cprofanar con su planta tu suelo\u201d.<\/p>\n<p>Ante la ola de comentarios y cr\u00edticas sobre su error, la nieta de Vicente Fern\u00e1ndez e hija de Alejandro realiz\u00f3 una publicaci\u00f3n en su cuenta de Instagram, donde adem\u00e1s de felicitar a \u2018Canelo\u2019, explica lo sucedido en la T-Mobile Arena de Las Vegas.<\/p>\n<p>\u201c@canelo gracias por tu invitaci\u00f3n, cari\u00f1o y apoyo. Fue un gran honor representar a nuestro pa\u00eds al interpretar nuestro Himno nacional, estaba muy conmovida, y aunque me traicionaron los nervios por un momento, cant\u00e9 como siempre: con todo el coraz\u00f3n, respeto y orgullo por nuestro M\u00e9xico\u201d, escribi\u00f3 Camila Fern\u00e1ndez.<\/p>\n<p>\u2018Canelo\u2019 \u00c1lvarez defendi\u00f3 a Camila Fern\u00e1ndez tras la finalizaci\u00f3n de la pelea ante Berlanga. \u201cAs\u00ed es esto, uno se equivoca y somos seres humanos, no se lo tomen tan a pecho, cometemos errores\u2026 estoy agradecido con ella de que se haya dado el tiempo, de que haya venido a representar a nuestro pa\u00eds, a M\u00e9xico entonando nuestro himno nacional, eso es lo que debemos agradecer, es una gran responsabilidad\u201d, dijo.<\/p>\n<p>Adem\u00e1s, Fern\u00e1ndez felicit\u00f3 a \u2018Canelo\u2019 por su triunfo: \u201cel sentimiento tan maravilloso de ver mexicanos como t\u00fa triunfar en el mundo no lo opaca nada. Felicidades campe\u00f3n!\u201d, finaliz\u00f3.<\/p>\n","protected":false},"excerpt":{"rendered":"<p>\ud83d\udd38La joven cantante public\u00f3 un mensaje en sus redes donde explica lo sucedido en la&#8230;<\/p>\n","protected":false},"author":1,"featured_media":25153,"comment_status":"open","ping_status":"closed","sticky":false,"template":"","format":"standard","meta":{"footnotes":""},"categories":[4],"tags":[],"class_list":["post-25151","post","type-post","status-publish","format-standard","has-post-thumbnail","hentry","category-espectaculos"],"_links":{"self":[{"href":"https:\/\/sacramentoqr.com\/index.php?rest_route=\/wp\/v2\/posts\/25151","targetHints":{"allow":["GET"]}}],"collection":[{"href":"https:\/\/sacramentoqr.com\/index.php?rest_route=\/wp\/v2\/posts"}],"about":[{"href":"https:\/\/sacramentoqr.com\/index.php?rest_route=\/wp\/v2\/types\/post"}],"author":[{"embeddable":true,"href":"https:\/\/sacramentoqr.com\/index.php?rest_route=\/wp\/v2\/users\/1"}],"replies":[{"embeddable":true,"href":"https:\/\/sacramentoqr.com\/index.php?rest_route=%2Fwp%2Fv2%2Fcomments&post=25151"}],"version-history":[{"count":1,"href":"https:\/\/sacramentoqr.com\/index.php?rest_route=\/wp\/v2\/posts\/25151\/revisions"}],"predecessor-version":[{"id":25152,"href":"https:\/\/sacramentoqr.com\/index.php?rest_route=\/wp\/v2\/posts\/25151\/revisions\/25152"}],"wp:featuredmedia":[{"embeddable":true,"href":"https:\/\/sacramentoqr.com\/index.php?rest_route=\/wp\/v2\/media\/25153"}],"wp:attachment":[{"href":"https:\/\/sacramentoqr.com\/index.php?rest_route=%2Fwp%2Fv2%2Fmedia&parent=25151"}],"wp:term":[{"taxonomy":"category","embeddable":true,"href":"https:\/\/sacramentoqr.com\/index.php?rest_route=%2Fwp%2Fv2%2Fcategories&post=25151"},{"taxonomy":"post_tag","embeddable":true,"href":"https:\/\/sacramentoqr.com\/index.php?rest_route=%2Fwp%2Fv2%2Ftags&post=25151"}],"curies":[{"name":"wp","href":"https:\/\/api.w.org\/{rel}","templated":true}]}}