{"id":25169,"date":"2024-09-19T10:30:27","date_gmt":"2024-09-19T15:30:27","guid":{"rendered":"https:\/\/sacramentoqr.com\/?p=25169"},"modified":"2024-09-19T15:30:28","modified_gmt":"2024-09-19T15:30:28","slug":"papa-francisco-pide-defender-el-espanol-y-promover-su-ensenanza","status":"publish","type":"post","link":"https:\/\/sacramentoqr.com\/?p=25169","title":{"rendered":"Papa Francisco pide defender el espa\u00f1ol y promover su ense\u00f1anza"},"content":{"rendered":"<p>\ud83d\udd38 Durante una reuni\u00f3n con Luis Garc\u00eda Montero, el papa Francisco destac\u00f3 la importancia de defender el espa\u00f1ol y comparti\u00f3 an\u00e9cdotas de su tiempo como profesor de literatura, recordando a grandes figuras como Jorge Luis Borges y Federico Garc\u00eda Lorca.<\/p>\n<p>#INTERNACIONAL. El papa Francisco invit\u00f3 \u201ca defender el espa\u00f1ol\u201d porque \u201ces muy importante\u201d, seg\u00fan explic\u00f3 a los medios el director del Instituto Cervantes, Luis Garc\u00eda Montero, tras ser recibido en audiencia por el pont\u00edfice argentino, con quien habl\u00f3 de literatura y de las figuras de Jorge Luis Borges y Federico Garc\u00eda Lorca.<\/p>\n<p>\u201cEl nos ha dicho que es muy importante defender el espa\u00f1ol\u201d , explic\u00f3 a su salida de la audiencia Garc\u00eda Montero, que agreg\u00f3 que Francisco brome\u00f3 al decir: \u201cHay que ense\u00f1ar a que se hable el espa\u00f1ol mejor de lo que hablamos los argentinos\u201d.<\/p>\n<p>Durante la audiencia, que dur\u00f3 cerca de media hora, el director del Instituto Cervantes y el papa hablaron de \u201cla importancia de la literatura\u201d y recordaron los tiempos en los que Jorge Mario Bergoglio fue profesor de literatura en Santa Fe \u201ccuando le explicaba a los j\u00f3venes argentinos el poema de \u2018El Mio Cid\u2019 pero no les interesaba nada y que, sin embargo, consigui\u00f3 interesarlos en la literatura explicando a (Garc\u00eda) Lorca\u201d.<\/p>\n<p>\u201cHoy nos ha confesado que lo que m\u00e1s le interesaba a sus alumnos era la el romance de \u2018La Casada infiel\u2019, porque, dijo el papa, \u2018era un poema picante&#8217;\u201d, relat\u00f3 Garc\u00eda Montero.<\/p>\n<p>Y agreg\u00f3 que Francisco tambi\u00e9n le confes\u00f3 que Garc\u00eda \u201cLorca le ayud\u00f3 mucho\u201d para apasionar a los chicos a la literatura.<\/p>\n<p>El director de Cervantes regal\u00f3 a Francisco una edici\u00f3n especial del \u201cGrito hacia Roma\u201d , el poema que escribi\u00f3 Federico Garc\u00eda Lorca en Nueva York cuando empez\u00f3 a intuir que iba a haber una Segunda Guerra Mundial y que el Instituto lo ha traducido tambi\u00e9n ahora para la Feria del Libro de Guadalajara (M\u00e9xico) a 30 lenguas ind\u00edgena.<\/p>\n<p>Ante la petici\u00f3n del Instituto Cervantes, Francisco accedi\u00f3 de buen grado a que se pueda reeditar el libro que \u00e9l hizo con los cuentos seleccionados de sus alumnos y con un pr\u00f3logo de Borges.<\/p>\n<p>\u201cLe dicho que es importante para el Instituto Cervantes resaltar que hay un papa que habla espa\u00f1ol y que ha ense\u00f1ado espa\u00f1ol y le he pedido permiso para publicarlo. Ese libro con pr\u00f3logo de Borges\u201d, explic\u00f3 Garc\u00eda Montero.<\/p>\n<p>La nueva edici\u00f3n incluir\u00e1 tambi\u00e9n la reciente carta que el papa escribi\u00f3 en defensa de la ense\u00f1anza de la literatura en la educaci\u00f3n.<\/p>\n<p>El libro ser\u00e1 publicado el a\u00f1o que viene cuando se cumplen los 60 a\u00f1os de esta visita de Borges al colegio donde ense\u00f1aba Bergoglio.<\/p>\n<p>La visita de Garc\u00eda Montero al papa ten\u00eda el objetivo \u201d de subrayar el compromiso de la instituci\u00f3n con los valores de democracia, solidaridad y di\u00e1logo a trav\u00e9s de los v\u00ednculos culturales y el desarrollo de la educaci\u00f3n como motor de oportunidades\u201d, seg\u00fan una nota del Instituto Cervantes.<\/p>\n<p>La visita a Roma del director del Cervantes tambi\u00e9n se debi\u00f3 a la firma del primer acuerdo global entre el Instituto Cervantes y su hom\u00f3loga italiana, la Societ\u00e0 Dante Alighieri.<\/p>\n","protected":false},"excerpt":{"rendered":"<p>\ud83d\udd38 Durante una reuni\u00f3n con Luis Garc\u00eda Montero, el papa Francisco destac\u00f3 la importancia de&#8230;<\/p>\n","protected":false},"author":1,"featured_media":25171,"comment_status":"open","ping_status":"closed","sticky":false,"template":"","format":"standard","meta":{"footnotes":""},"categories":[5],"tags":[],"class_list":["post-25169","post","type-post","status-publish","format-standard","has-post-thumbnail","hentry","category-internacional"],"_links":{"self":[{"href":"https:\/\/sacramentoqr.com\/index.php?rest_route=\/wp\/v2\/posts\/25169","targetHints":{"allow":["GET"]}}],"collection":[{"href":"https:\/\/sacramentoqr.com\/index.php?rest_route=\/wp\/v2\/posts"}],"about":[{"href":"https:\/\/sacramentoqr.com\/index.php?rest_route=\/wp\/v2\/types\/post"}],"author":[{"embeddable":true,"href":"https:\/\/sacramentoqr.com\/index.php?rest_route=\/wp\/v2\/users\/1"}],"replies":[{"embeddable":true,"href":"https:\/\/sacramentoqr.com\/index.php?rest_route=%2Fwp%2Fv2%2Fcomments&post=25169"}],"version-history":[{"count":1,"href":"https:\/\/sacramentoqr.com\/index.php?rest_route=\/wp\/v2\/posts\/25169\/revisions"}],"predecessor-version":[{"id":25170,"href":"https:\/\/sacramentoqr.com\/index.php?rest_route=\/wp\/v2\/posts\/25169\/revisions\/25170"}],"wp:featuredmedia":[{"embeddable":true,"href":"https:\/\/sacramentoqr.com\/index.php?rest_route=\/wp\/v2\/media\/25171"}],"wp:attachment":[{"href":"https:\/\/sacramentoqr.com\/index.php?rest_route=%2Fwp%2Fv2%2Fmedia&parent=25169"}],"wp:term":[{"taxonomy":"category","embeddable":true,"href":"https:\/\/sacramentoqr.com\/index.php?rest_route=%2Fwp%2Fv2%2Fcategories&post=25169"},{"taxonomy":"post_tag","embeddable":true,"href":"https:\/\/sacramentoqr.com\/index.php?rest_route=%2Fwp%2Fv2%2Ftags&post=25169"}],"curies":[{"name":"wp","href":"https:\/\/api.w.org\/{rel}","templated":true}]}}