{"id":25304,"date":"2024-09-23T09:55:19","date_gmt":"2024-09-23T14:55:19","guid":{"rendered":"https:\/\/sacramentoqr.com\/?p=25304"},"modified":"2024-09-23T14:55:20","modified_gmt":"2024-09-23T14:55:20","slug":"onu-adopta-plan-para-salvar-el-futuro-global","status":"publish","type":"post","link":"https:\/\/sacramentoqr.com\/?p=25304","title":{"rendered":"ONU adopta plan para salvar el futuro global"},"content":{"rendered":"<p>\ud83d\udd38Ant\u00f3nio Guterres, secretario general de las Naciones Unidas, afirm\u00f3 que los retos del siglo XXI requieren soluciones m\u00e1s adecuadas para la propia \u00e9poca.<\/p>\n<p>#INTERNACIONAL | En un mundo acosado por \u201criesgos catastr\u00f3ficos existenciales crecientes\u201d como guerras, cambio clim\u00e1tico y pobreza, los mandatarios de los 193 pa\u00edses de la ONU adoptaron un Pacto para el Futuro de la humanidad, pese a la oposici\u00f3n de pa\u00edses como Rusia, Venezuela o Nicaragua en una cumbre que da inicio a los debates anuales de las Naciones Unidas de su Asamblea General.<\/p>\n<p>\u00abLos desaf\u00edos del siglo XXI deben ser resueltos con soluciones del siglo XXI\u201d, dijo el secretario general de la ONU, Ant\u00f3nio Guterres, tras la adopci\u00f3n de este texto que contiene 56 acciones para hacer frente a los \u201cmayores desaf\u00edos de nuestra \u00e9poca\u201d.<\/p>\n<p>Dichos retos van desde la paz y el derecho internacional, la reforma del Consejo de Seguridad de la ONU, la arquitectura financiera mundial o el cambio clim\u00e1tico, a asuntos m\u00e1s innovadores como la inteligencia artificial.<\/p>\n<p>Esta nueva \u201ccaja de herramientas\u201d para reparar el mundo, como define la redacci\u00f3n del Pacto los nuevos compromisos, abre \u201cnuevas v\u00edas a nuevas posibilidades y oportunidades\u201d, record\u00f3 Guterres, que prometi\u00f3 trabajar \u201cen su realizaci\u00f3n hasta el \u00faltimo d\u00eda\u201d de su mandato.<\/p>\n<p>El documento, aprobado por consenso aunque no es vinculante, cont\u00f3 con la oposici\u00f3n de pa\u00edses como Rusia, Venezuela, Nicaragua, Corea del Norte o Bielorrusia.<\/p>\n<p>\u00abNadie est\u00e1 contento con este texto\u201d, dijo el viceministro de Relaciones Exteriores ruso Sergu\u00e9i Vershinin, pese a los sucesivos discursos a favor del Pacto que hubo en la tribuna.<\/p>\n<p>\u00abFue irritante que, al final, Rusia una vez m\u00e1s trat\u00f3 de parar todo el proceso\u201d, dijo el canciller alem\u00e1n, Olaf Scholz ante la prensa.<\/p>\n<p>Junto al documento principal, los Estados miembros tambi\u00e9n adoptaron el Pacto Digital Global para reducir la brecha digital y desarrollar tecnolog\u00edas seguras y respetuosas en beneficio de todos.<\/p>\n<p>La resoluci\u00f3n examina en particular las oportunidades y los riesgos de la IA. En un momento en que el r\u00e1pido desarrollo de tecnolog\u00edas revolucionarias podr\u00eda amenazar la democracia y los derechos humanos, los Estados se comprometen a crear, bajo los auspicios de la ONU, un Grupo Cient\u00edfico Internacional para promover el di\u00e1logo internacional entre los gobiernos y otros actores relevantes del sector.<\/p>\n","protected":false},"excerpt":{"rendered":"<p>\ud83d\udd38Ant\u00f3nio Guterres, secretario general de las Naciones Unidas, afirm\u00f3 que los retos del siglo XXI&#8230;<\/p>\n","protected":false},"author":1,"featured_media":25306,"comment_status":"open","ping_status":"closed","sticky":false,"template":"","format":"standard","meta":{"footnotes":""},"categories":[5],"tags":[],"class_list":["post-25304","post","type-post","status-publish","format-standard","has-post-thumbnail","hentry","category-internacional"],"_links":{"self":[{"href":"https:\/\/sacramentoqr.com\/index.php?rest_route=\/wp\/v2\/posts\/25304","targetHints":{"allow":["GET"]}}],"collection":[{"href":"https:\/\/sacramentoqr.com\/index.php?rest_route=\/wp\/v2\/posts"}],"about":[{"href":"https:\/\/sacramentoqr.com\/index.php?rest_route=\/wp\/v2\/types\/post"}],"author":[{"embeddable":true,"href":"https:\/\/sacramentoqr.com\/index.php?rest_route=\/wp\/v2\/users\/1"}],"replies":[{"embeddable":true,"href":"https:\/\/sacramentoqr.com\/index.php?rest_route=%2Fwp%2Fv2%2Fcomments&post=25304"}],"version-history":[{"count":1,"href":"https:\/\/sacramentoqr.com\/index.php?rest_route=\/wp\/v2\/posts\/25304\/revisions"}],"predecessor-version":[{"id":25305,"href":"https:\/\/sacramentoqr.com\/index.php?rest_route=\/wp\/v2\/posts\/25304\/revisions\/25305"}],"wp:featuredmedia":[{"embeddable":true,"href":"https:\/\/sacramentoqr.com\/index.php?rest_route=\/wp\/v2\/media\/25306"}],"wp:attachment":[{"href":"https:\/\/sacramentoqr.com\/index.php?rest_route=%2Fwp%2Fv2%2Fmedia&parent=25304"}],"wp:term":[{"taxonomy":"category","embeddable":true,"href":"https:\/\/sacramentoqr.com\/index.php?rest_route=%2Fwp%2Fv2%2Fcategories&post=25304"},{"taxonomy":"post_tag","embeddable":true,"href":"https:\/\/sacramentoqr.com\/index.php?rest_route=%2Fwp%2Fv2%2Ftags&post=25304"}],"curies":[{"name":"wp","href":"https:\/\/api.w.org\/{rel}","templated":true}]}}