{"id":2536,"date":"2021-01-30T22:55:17","date_gmt":"2021-01-30T22:55:17","guid":{"rendered":"http:\/\/alertarojaquintanaroo.com\/?p=2536"},"modified":"2021-01-30T22:55:17","modified_gmt":"2021-01-30T22:55:17","slug":"facebook-dejara-de-recomendar-grupos-politicos-a-los-usuarios","status":"publish","type":"post","link":"https:\/\/sacramentoqr.com\/?p=2536","title":{"rendered":"Facebook dejar\u00e1 de recomendar grupos pol\u00edticos a los usuarios"},"content":{"rendered":"\n<p>El jefe de&nbsp;<strong>Facebook<\/strong>&nbsp;inform\u00f3 el pasado mi\u00e9rcoles que la plataforma dejar\u00e1 de recomendar grupos militantes o pol\u00edticos a sus usuarios, una medida ya tomada hace unos meses en<strong>&nbsp;Estados Unidos<\/strong>&nbsp;para reducir tensiones electorales.<\/p>\n\n\n\n<p>La red social, que jug\u00f3 un papel importante en la&nbsp;<strong>Primavera \u00c1rabe<\/strong>&nbsp;hace diez a\u00f1os, ahora quiere reinventar su imagen alej\u00e1ndose de las pol\u00e9micas y esc\u00e1ndalos pol\u00edticos que han jalonado su d\u00eda a d\u00eda desde la elecci\u00f3n de&nbsp;<strong>Donald Trump<\/strong>&nbsp;y el&nbsp;<strong>Brexit<\/strong>&nbsp;en 2016.<\/p>\n\n\n\n<p>\u201cHemos dejado de recomendar grupos militantes o pol\u00edticos en Estados Unidos a medida que se acercaban las elecciones, y ahora pretendemos extender esta regla a todo el mundo\u201d, dijo Mark Zuckerberg durante la presentaci\u00f3n de los resultados trimestrales del gigante de las redes sociales.<\/p>\n\n\n\n<p>Su objetivo es \u201ccalmar las cosas y desalentar las conversaciones que dividen\u201d.<\/p>\n\n\n\n<p>En un comunicado emitido anteriormente, dijo que estaba \u201cemocionado\u201d por dise\u00f1ar en 2021 \u201cformas de crear oportunidades econ\u00f3micas, construir comunidades y ayudar a las personas a divertirse\u201d.<\/p>\n\n\n\n<p>El grupo californiano logr\u00f3 casi 86.000 millones de d\u00f3lares en ventas durante el a\u00f1o y gener\u00f3 m\u00e1s de 29.000 millones en ganancias, un 58% m\u00e1s a pesar de la pandemia, un boicot de marcas el pasado verano boreal y tensiones significativas con la sociedad civil, funcionarios electos y autoridades.<\/p>\n\n\n\n<p>Facebook ha hecho frente a todo esto multiplicando las medidas para moderar mejor los contenidos y frenar la desinformaci\u00f3n, sin lograr satisfacer a muchas organizaciones antirracistas ni dedicadas a la defensa de los derechos y libertades en general.<\/p>\n\n\n\n<p>\u201cEn septiembre, anunciamos que hab\u00edamos retirado m\u00e1s de un mill\u00f3n de grupos en un a\u00f1o\u201d, record\u00f3 Zuckerberg.<\/p>\n\n\n\n<blockquote class=\"wp-block-quote is-layout-flow wp-block-quote-is-layout-flow\"><p>\u201cPero tambi\u00e9n hay muchos grupos a los que no queremos alentar a la gente a unirse aunque no rompan nuestras reglas\u201d.<\/p><\/blockquote>\n\n\n\n<p>El fundador de la red social agreg\u00f3 que sus equipos tambi\u00e9n est\u00e1n buscando formas de reducir la visibilidad del contenido pol\u00edtico en el muro del usuario.<\/p>\n\n\n\n<blockquote class=\"wp-block-quote is-layout-flow wp-block-quote-is-layout-flow\"><p>\u201cPor supuesto, siempre ser\u00e1 posible participar en discusiones y grupos pol\u00edticos, para quien lo desee\u201d, dijo el multimillonario.<\/p><p>\u201cUno de los principales comentarios de nuestra comunidad en este momento es que la gente no quiere que la pol\u00edtica y las discusiones tengan prioridad sobre el resto cuando usan nuestros servicios\u201d, finaliz\u00f3.<\/p><\/blockquote>\n","protected":false},"excerpt":{"rendered":"<p>El jefe de&nbsp;Facebook&nbsp;inform\u00f3 el pasado mi\u00e9rcoles que la plataforma dejar\u00e1 de recomendar grupos militantes o&#8230;<\/p>\n","protected":false},"author":1,"featured_media":2537,"comment_status":"open","ping_status":"closed","sticky":false,"template":"","format":"standard","meta":{"footnotes":""},"categories":[12],"tags":[],"class_list":["post-2536","post","type-post","status-publish","format-standard","has-post-thumbnail","hentry","category-tecnologia"],"_links":{"self":[{"href":"https:\/\/sacramentoqr.com\/index.php?rest_route=\/wp\/v2\/posts\/2536","targetHints":{"allow":["GET"]}}],"collection":[{"href":"https:\/\/sacramentoqr.com\/index.php?rest_route=\/wp\/v2\/posts"}],"about":[{"href":"https:\/\/sacramentoqr.com\/index.php?rest_route=\/wp\/v2\/types\/post"}],"author":[{"embeddable":true,"href":"https:\/\/sacramentoqr.com\/index.php?rest_route=\/wp\/v2\/users\/1"}],"replies":[{"embeddable":true,"href":"https:\/\/sacramentoqr.com\/index.php?rest_route=%2Fwp%2Fv2%2Fcomments&post=2536"}],"version-history":[{"count":0,"href":"https:\/\/sacramentoqr.com\/index.php?rest_route=\/wp\/v2\/posts\/2536\/revisions"}],"wp:featuredmedia":[{"embeddable":true,"href":"https:\/\/sacramentoqr.com\/index.php?rest_route=\/wp\/v2\/media\/2537"}],"wp:attachment":[{"href":"https:\/\/sacramentoqr.com\/index.php?rest_route=%2Fwp%2Fv2%2Fmedia&parent=2536"}],"wp:term":[{"taxonomy":"category","embeddable":true,"href":"https:\/\/sacramentoqr.com\/index.php?rest_route=%2Fwp%2Fv2%2Fcategories&post=2536"},{"taxonomy":"post_tag","embeddable":true,"href":"https:\/\/sacramentoqr.com\/index.php?rest_route=%2Fwp%2Fv2%2Ftags&post=2536"}],"curies":[{"name":"wp","href":"https:\/\/api.w.org\/{rel}","templated":true}]}}