{"id":2542,"date":"2021-01-31T18:51:24","date_gmt":"2021-01-31T18:51:24","guid":{"rendered":"http:\/\/alertarojaquintanaroo.com\/?p=2542"},"modified":"2021-01-31T18:51:24","modified_gmt":"2021-01-31T18:51:24","slug":"cuba-suspende-sus-vuelos-por-aumento-de-casos-de-covid","status":"publish","type":"post","link":"https:\/\/sacramentoqr.com\/?p=2542","title":{"rendered":"Cuba suspende sus vuelos por aumento de casos de Covid"},"content":{"rendered":"\n<p><strong>Cuba<\/strong>&nbsp;anunci\u00f3 el s\u00e1bado un nuevo pico de 910 casos de infectados por covid-19 y dio a conocer nuevas medidas de confinamiento en hoteles para turistas que ingresen al pa\u00eds, inform\u00f3 el<strong>&nbsp;Ministerio de Salud P\u00fablica.<\/strong><\/p>\n\n\n\n<p>El pa\u00eds caribe\u00f1o ha registrado hasta ahora 25 mil 674 contagios y 213 decesos por covid-19, tres de ellos fallecidos el viernes, inform\u00f3&nbsp;<strong>Francisco Dur\u00e1n,<\/strong>&nbsp;jefe de&nbsp;<strong>Epidemiolog\u00eda del Ministerio.<\/strong><\/p>\n\n\n\n<p>Entre las nuevas medidas que entrar\u00e1n en vigor el 6 de febrero se \u201cimplementar\u00e1 el aislamiento institucional a viajeros internacionales\u201d, indic\u00f3 Dur\u00e1n en su informe diario.<\/p>\n\n\n\n<p>Esto implicar\u00e1 que las personas que lleguen al pa\u00eds ser\u00e1n sometidas a una prueba&nbsp;<strong>PCR en el aeropuerto<\/strong>&nbsp;y luego trasladadas a centros de aislamiento donde recibir\u00e1n vigilancia m\u00e9dica.<\/p>\n\n\n\n<p>Extranjeros y cubanos que no residan en el pa\u00eds ser\u00e1n aislados en hoteles designados por las autoridades y su estancia ser\u00e1 pagada por los visitantes. En tanto, los cubanos residentes permanecer\u00e1n aislados en centro destinados a este fin de forma gratuita.<\/p>\n\n\n\n<p>En todos los casos, los viajeros ser\u00e1n sometidos a una segunda prueba de PCR al quinto d\u00eda y en caso de salir negativo podr\u00e1n dejar el aislamiento. Todas las personas que resultan positivas en la prueba en&nbsp;<strong>Cuba<\/strong>&nbsp;son hospitalizadas.<\/p>\n\n\n\n<p>Por su parte las autoridades de transporte anunciaron que a partir del 6 de febrero reducir\u00e1n de manera temporal a un vuelo semanal la frecuencia, y en algunos casos quincenal, de los vuelos de aerol\u00edneas procedentes de Estados Unidos, M\u00e9xico, Panam\u00e1, Rep\u00fablica Dominicana, Colombia y Bahamas.<\/p>\n\n\n\n<p>Tambi\u00e9n se suspender\u00e1 el reinicio de vuelos procedentes de Nicaragua, Guyana, Trinidad y Tobago y Surinam, en tanto que los vuelos que provienen de&nbsp;<strong>Hait\u00ed<\/strong>&nbsp;quedar\u00e1n cancelados.<\/p>\n\n\n\n<p><strong>Cuba<\/strong>, de 11.2 millones de habitantes, es uno de los pa\u00edses menos afectados en la regi\u00f3n por el coronavirus.<\/p>\n","protected":false},"excerpt":{"rendered":"<p>Cuba&nbsp;anunci\u00f3 el s\u00e1bado un nuevo pico de 910 casos de infectados por covid-19 y dio&#8230;<\/p>\n","protected":false},"author":1,"featured_media":2543,"comment_status":"open","ping_status":"closed","sticky":false,"template":"","format":"standard","meta":{"footnotes":""},"categories":[5],"tags":[],"class_list":["post-2542","post","type-post","status-publish","format-standard","has-post-thumbnail","hentry","category-internacional"],"_links":{"self":[{"href":"https:\/\/sacramentoqr.com\/index.php?rest_route=\/wp\/v2\/posts\/2542","targetHints":{"allow":["GET"]}}],"collection":[{"href":"https:\/\/sacramentoqr.com\/index.php?rest_route=\/wp\/v2\/posts"}],"about":[{"href":"https:\/\/sacramentoqr.com\/index.php?rest_route=\/wp\/v2\/types\/post"}],"author":[{"embeddable":true,"href":"https:\/\/sacramentoqr.com\/index.php?rest_route=\/wp\/v2\/users\/1"}],"replies":[{"embeddable":true,"href":"https:\/\/sacramentoqr.com\/index.php?rest_route=%2Fwp%2Fv2%2Fcomments&post=2542"}],"version-history":[{"count":0,"href":"https:\/\/sacramentoqr.com\/index.php?rest_route=\/wp\/v2\/posts\/2542\/revisions"}],"wp:featuredmedia":[{"embeddable":true,"href":"https:\/\/sacramentoqr.com\/index.php?rest_route=\/wp\/v2\/media\/2543"}],"wp:attachment":[{"href":"https:\/\/sacramentoqr.com\/index.php?rest_route=%2Fwp%2Fv2%2Fmedia&parent=2542"}],"wp:term":[{"taxonomy":"category","embeddable":true,"href":"https:\/\/sacramentoqr.com\/index.php?rest_route=%2Fwp%2Fv2%2Fcategories&post=2542"},{"taxonomy":"post_tag","embeddable":true,"href":"https:\/\/sacramentoqr.com\/index.php?rest_route=%2Fwp%2Fv2%2Ftags&post=2542"}],"curies":[{"name":"wp","href":"https:\/\/api.w.org\/{rel}","templated":true}]}}