{"id":25430,"date":"2024-09-26T11:15:44","date_gmt":"2024-09-26T16:15:44","guid":{"rendered":"https:\/\/sacramentoqr.com\/?p=25430"},"modified":"2024-09-26T16:15:46","modified_gmt":"2024-09-26T16:15:46","slug":"alcalde-de-nueva-york-eric-adams-se-defendera-de-5-cargos-criminales","status":"publish","type":"post","link":"https:\/\/sacramentoqr.com\/?p=25430","title":{"rendered":"Alcalde de Nueva York, Eric Adams, se defender\u00e1 de 5 cargos criminales"},"content":{"rendered":"<p>\ud83d\udd38 La acusaci\u00f3n surge de una investigaci\u00f3n sobre presuntas contribuciones ilegales de funcionarios turcos a su campa\u00f1a electoral de 2021<\/p>\n<p>#INTERNACIONAL | El alcalde de Nueva York, Eric Adams, inculpado este jueves de cinco cargos penales, entre ellos soborno, asegur\u00f3 que se \u201cdefender\u00e1\u201d de las acusaciones y continuar\u00e1 con su trabajo en la ciudad.<\/p>\n<p>\u201cEstoy deseando defenderme\u201d, dijo Adams en su primera reacci\u00f3n tras conocerse los cargos.<\/p>\n<p>\u201cMi d\u00eda a d\u00eda no cambiar\u00e1. Seguir\u00e9 haciendo el trabajo para los 8,3 millones de neoyorquinos\u201d en el puesto para el cual fue elegido.<\/p>\n<p>El dem\u00f3crata Eric Adams fue inculpado por la justicia de cinco cargos criminales, entre ellos fraude electr\u00f3nico, solicitud de donaciones ilegales para la campa\u00f1a electoral en el extranjero y conspiraci\u00f3n para el soborno.<\/p>\n<p>La acusaci\u00f3n, que fue desvelada este jueves, es consecuencia de una amplia investigaci\u00f3n al alcalde y sus colaboradores para determinar si conspir\u00f3 en su campa\u00f1a de 2021 con funcionarios del gobierno turco para recibir contribuciones ilegales.<\/p>\n<p>Cuatro de las cinco acusaciones est\u00e1n relacionadas con la investigaci\u00f3n sobre la supuesta recepci\u00f3n de fondos para su campa\u00f1a electoral de 2021 de funcionarios turcos, lo que proh\u00edbe la ley, y otra de soborno.<\/p>\n<p>Adams \u201cprosigui\u00f3 sus relaciones de corrupci\u00f3n despu\u00e9s de haberse convertido en alcalde\u201d, se\u00f1ala el documento judicial.<\/p>\n","protected":false},"excerpt":{"rendered":"<p>\ud83d\udd38 La acusaci\u00f3n surge de una investigaci\u00f3n sobre presuntas contribuciones ilegales de funcionarios turcos a&#8230;<\/p>\n","protected":false},"author":1,"featured_media":25432,"comment_status":"open","ping_status":"closed","sticky":false,"template":"","format":"standard","meta":{"footnotes":""},"categories":[5],"tags":[],"class_list":["post-25430","post","type-post","status-publish","format-standard","has-post-thumbnail","hentry","category-internacional"],"_links":{"self":[{"href":"https:\/\/sacramentoqr.com\/index.php?rest_route=\/wp\/v2\/posts\/25430","targetHints":{"allow":["GET"]}}],"collection":[{"href":"https:\/\/sacramentoqr.com\/index.php?rest_route=\/wp\/v2\/posts"}],"about":[{"href":"https:\/\/sacramentoqr.com\/index.php?rest_route=\/wp\/v2\/types\/post"}],"author":[{"embeddable":true,"href":"https:\/\/sacramentoqr.com\/index.php?rest_route=\/wp\/v2\/users\/1"}],"replies":[{"embeddable":true,"href":"https:\/\/sacramentoqr.com\/index.php?rest_route=%2Fwp%2Fv2%2Fcomments&post=25430"}],"version-history":[{"count":1,"href":"https:\/\/sacramentoqr.com\/index.php?rest_route=\/wp\/v2\/posts\/25430\/revisions"}],"predecessor-version":[{"id":25431,"href":"https:\/\/sacramentoqr.com\/index.php?rest_route=\/wp\/v2\/posts\/25430\/revisions\/25431"}],"wp:featuredmedia":[{"embeddable":true,"href":"https:\/\/sacramentoqr.com\/index.php?rest_route=\/wp\/v2\/media\/25432"}],"wp:attachment":[{"href":"https:\/\/sacramentoqr.com\/index.php?rest_route=%2Fwp%2Fv2%2Fmedia&parent=25430"}],"wp:term":[{"taxonomy":"category","embeddable":true,"href":"https:\/\/sacramentoqr.com\/index.php?rest_route=%2Fwp%2Fv2%2Fcategories&post=25430"},{"taxonomy":"post_tag","embeddable":true,"href":"https:\/\/sacramentoqr.com\/index.php?rest_route=%2Fwp%2Fv2%2Ftags&post=25430"}],"curies":[{"name":"wp","href":"https:\/\/api.w.org\/{rel}","templated":true}]}}