{"id":25433,"date":"2024-09-26T11:17:37","date_gmt":"2024-09-26T16:17:37","guid":{"rendered":"https:\/\/sacramentoqr.com\/?p=25433"},"modified":"2024-09-26T16:17:38","modified_gmt":"2024-09-26T16:17:38","slug":"roberto-solis-haremos-de-huejotzingo-un-destino-turistico-de-referencia","status":"publish","type":"post","link":"https:\/\/sacramentoqr.com\/?p=25433","title":{"rendered":"Roberto Sol\u00eds: Haremos de Huejotzingo un destino tur\u00edstico de referencia"},"content":{"rendered":"<p>\ud83d\udd38 El edil electo se reuni\u00f3 con empresarios, artesanos, ciudadanos y comerciantes<\/p>\n<p>#PUEBLA | Roberto Sol\u00eds, presidente municipal electo de Huejotzingo, se reuni\u00f3 con empresarios, artesanos, ciudadanos y comerciantes para abordar el desarrollo tur\u00edstico del municipio.<\/p>\n<p>Durante el encuentro, Sol\u00eds destac\u00f3 la impresionante respuesta de la comunidad, que mostr\u00f3 un fuerte compromiso con la inclusi\u00f3n y la colaboraci\u00f3n para construir el Huejotzingo que todos desean.<\/p>\n<p>El encuentro tuvo lugar en un ambiente de optimismo, donde se discutieron diversas iniciativas para potenciar el turismo en la regi\u00f3n, aprovechando la riqueza cultural y artesanal de la localidad.<\/p>\n<p>\u201cFue alentador ver c\u00f3mo la gente se une por un objetivo com\u00fan: hacer de Huejotzingo un destino tur\u00edstico de referencia\u00bb, afirm\u00f3 Sol\u00eds.<\/p>\n<p>Los asistentes expresaron sus ideas y propuestas, lo que refleja un inter\u00e9s colectivo en el crecimiento y el desarrollo sostenible del municipio. Este di\u00e1logo inicial sienta las bases para un futuro en el que la inclusi\u00f3n y la participaci\u00f3n ciudadana ser\u00e1n fundamentales en la gesti\u00f3n de Sol\u00eds.<\/p>\n<p>El presidente municipal electo se comprometi\u00f3 a seguir promoviendo espacios de participaci\u00f3n donde la voz de cada ciudadano sea escuchada, reiterando que el progreso de Huejotzingo es tarea de todos. Con esta reuni\u00f3n, se inicia un nuevo cap\u00edtulo en la historia del municipio, con miras a fortalecer su identidad y potencial tur\u00edstico.<\/p>\n","protected":false},"excerpt":{"rendered":"<p>\ud83d\udd38 El edil electo se reuni\u00f3 con empresarios, artesanos, ciudadanos y comerciantes #PUEBLA | Roberto&#8230;<\/p>\n","protected":false},"author":1,"featured_media":25435,"comment_status":"open","ping_status":"closed","sticky":false,"template":"","format":"standard","meta":{"footnotes":""},"categories":[20],"tags":[],"class_list":["post-25433","post","type-post","status-publish","format-standard","has-post-thumbnail","hentry","category-puebla"],"_links":{"self":[{"href":"https:\/\/sacramentoqr.com\/index.php?rest_route=\/wp\/v2\/posts\/25433","targetHints":{"allow":["GET"]}}],"collection":[{"href":"https:\/\/sacramentoqr.com\/index.php?rest_route=\/wp\/v2\/posts"}],"about":[{"href":"https:\/\/sacramentoqr.com\/index.php?rest_route=\/wp\/v2\/types\/post"}],"author":[{"embeddable":true,"href":"https:\/\/sacramentoqr.com\/index.php?rest_route=\/wp\/v2\/users\/1"}],"replies":[{"embeddable":true,"href":"https:\/\/sacramentoqr.com\/index.php?rest_route=%2Fwp%2Fv2%2Fcomments&post=25433"}],"version-history":[{"count":1,"href":"https:\/\/sacramentoqr.com\/index.php?rest_route=\/wp\/v2\/posts\/25433\/revisions"}],"predecessor-version":[{"id":25434,"href":"https:\/\/sacramentoqr.com\/index.php?rest_route=\/wp\/v2\/posts\/25433\/revisions\/25434"}],"wp:featuredmedia":[{"embeddable":true,"href":"https:\/\/sacramentoqr.com\/index.php?rest_route=\/wp\/v2\/media\/25435"}],"wp:attachment":[{"href":"https:\/\/sacramentoqr.com\/index.php?rest_route=%2Fwp%2Fv2%2Fmedia&parent=25433"}],"wp:term":[{"taxonomy":"category","embeddable":true,"href":"https:\/\/sacramentoqr.com\/index.php?rest_route=%2Fwp%2Fv2%2Fcategories&post=25433"},{"taxonomy":"post_tag","embeddable":true,"href":"https:\/\/sacramentoqr.com\/index.php?rest_route=%2Fwp%2Fv2%2Ftags&post=25433"}],"curies":[{"name":"wp","href":"https:\/\/api.w.org\/{rel}","templated":true}]}}