{"id":25556,"date":"2024-10-02T11:51:42","date_gmt":"2024-10-02T16:51:42","guid":{"rendered":"https:\/\/sacramentoqr.com\/?p=25556"},"modified":"2024-10-02T16:51:43","modified_gmt":"2024-10-02T16:51:43","slug":"tono-ixtlahuac-encabeza-celebracion-del-259-aniversario-del-natalicio-de-jose-maria-morelos-en-coatepec","status":"publish","type":"post","link":"https:\/\/sacramentoqr.com\/?p=25556","title":{"rendered":"To\u00f1o Ixtl\u00e1huac encabeza celebraci\u00f3n del 259 Aniversario del Natalicio de Jos\u00e9 Mar\u00eda Morelos en Coatepec"},"content":{"rendered":"<p>\ud83d\udd38 Este homenaje no solo fue un acto de memoria hist\u00f3rica, sino tambi\u00e9n una oportunidad para fortalecer la identidad y unidad de la comunidad morelense<\/p>\n<p>#MICHOAC\u00c1N | En una emotiva ceremonia celebrada el 30 de septiembre, To\u00f1o Ixtl\u00e1huac, Presidente Municipal de Z\u00edtacuaro, encabez\u00f3 el desfile y acto c\u00edvico en conmemoraci\u00f3n del 259 aniversario del natalicio de Jos\u00e9 Mar\u00eda Morelos y Pav\u00f3n. La tenencia de Coatepec se convirti\u00f3 en el punto de encuentro para rendir homenaje a uno de los l\u00edderes m\u00e1s importantes de la lucha por la Independencia de M\u00e9xico.<\/p>\n<p>El evento comenz\u00f3 con un desfile en el que participaron estudiantes, organizaciones locales y miembros de la comunidad, quienes lucieron orgullosamente los s\u00edmbolos patrios y recordaron la valent\u00eda de Morelos. Tras el recorrido, Ixtl\u00e1huac tom\u00f3 la palabra en el acto c\u00edvico, donde resalt\u00f3 la relevancia de Morelos en la historia del pa\u00eds.<\/p>\n<p>\u201cHoy, m\u00e1s que nunca, debemos recordar el legado de Morelos, su pasi\u00f3n por la libertad y su compromiso con la justicia. Es un honor estar aqu\u00ed para rendir tributo a quien luch\u00f3 incansablemente por un M\u00e9xico soberano\u201d, expres\u00f3 Ixtl\u00e1huac ante un p\u00fablico que aplaudi\u00f3 su mensaje.<\/p>\n<p>La ceremonia concluy\u00f3 con una ofrenda floral en la plaza principal, donde los asistentes unieron sus voces para recordar la lucha y el sacrificio de Jos\u00e9 Mar\u00eda Morelos, reafirmando as\u00ed su compromiso con los ideales de libertad y justicia que \u00e9l defendi\u00f3. Este homenaje no solo fue un acto de memoria hist\u00f3rica, sino tambi\u00e9n una oportunidad para fortalecer la identidad y unidad de la comunidad morelense.<\/p>\n","protected":false},"excerpt":{"rendered":"<p>\ud83d\udd38 Este homenaje no solo fue un acto de memoria hist\u00f3rica, sino tambi\u00e9n una oportunidad&#8230;<\/p>\n","protected":false},"author":1,"featured_media":25558,"comment_status":"open","ping_status":"closed","sticky":false,"template":"","format":"standard","meta":{"footnotes":""},"categories":[29],"tags":[],"class_list":["post-25556","post","type-post","status-publish","format-standard","has-post-thumbnail","hentry","category-michoacan"],"_links":{"self":[{"href":"https:\/\/sacramentoqr.com\/index.php?rest_route=\/wp\/v2\/posts\/25556","targetHints":{"allow":["GET"]}}],"collection":[{"href":"https:\/\/sacramentoqr.com\/index.php?rest_route=\/wp\/v2\/posts"}],"about":[{"href":"https:\/\/sacramentoqr.com\/index.php?rest_route=\/wp\/v2\/types\/post"}],"author":[{"embeddable":true,"href":"https:\/\/sacramentoqr.com\/index.php?rest_route=\/wp\/v2\/users\/1"}],"replies":[{"embeddable":true,"href":"https:\/\/sacramentoqr.com\/index.php?rest_route=%2Fwp%2Fv2%2Fcomments&post=25556"}],"version-history":[{"count":1,"href":"https:\/\/sacramentoqr.com\/index.php?rest_route=\/wp\/v2\/posts\/25556\/revisions"}],"predecessor-version":[{"id":25557,"href":"https:\/\/sacramentoqr.com\/index.php?rest_route=\/wp\/v2\/posts\/25556\/revisions\/25557"}],"wp:featuredmedia":[{"embeddable":true,"href":"https:\/\/sacramentoqr.com\/index.php?rest_route=\/wp\/v2\/media\/25558"}],"wp:attachment":[{"href":"https:\/\/sacramentoqr.com\/index.php?rest_route=%2Fwp%2Fv2%2Fmedia&parent=25556"}],"wp:term":[{"taxonomy":"category","embeddable":true,"href":"https:\/\/sacramentoqr.com\/index.php?rest_route=%2Fwp%2Fv2%2Fcategories&post=25556"},{"taxonomy":"post_tag","embeddable":true,"href":"https:\/\/sacramentoqr.com\/index.php?rest_route=%2Fwp%2Fv2%2Ftags&post=25556"}],"curies":[{"name":"wp","href":"https:\/\/api.w.org\/{rel}","templated":true}]}}