{"id":25562,"date":"2024-10-02T12:02:41","date_gmt":"2024-10-02T17:02:41","guid":{"rendered":"https:\/\/sacramentoqr.com\/?p=25562"},"modified":"2024-10-02T17:02:42","modified_gmt":"2024-10-02T17:02:42","slug":"margarita-gonzalez-saravia-rinde-protesta-como-la-primera-gobernadora-de-morelos-ante-el-h-congreso-del-estado","status":"publish","type":"post","link":"https:\/\/sacramentoqr.com\/?p=25562","title":{"rendered":"Margarita Gonz\u00e1lez Saravia rinde protesta como la primera Gobernadora de Morelos ante el H. Congreso del Estado"},"content":{"rendered":"<p>\ud83d\udd38 La mandataria expres\u00f3 su orgullo y la gran responsabilidad que siente al asumir esta posici\u00f3n<\/p>\n<p>#MORELOS | Este 1 de octubre, Margarita Gonz\u00e1lez Saravia hizo historia al rendir protesta como gobernadora constitucional del Estado Libre y Soberano de Morelos, convirti\u00e9ndose en la primera mujer en ocupar este cargo. La ceremonia tuvo lugar en el H. Congreso del Estado, donde cientos de ciudadanos y representantes de diversos sectores se reunieron para presenciar este importante momento.<\/p>\n<p>Durante su discurso, Gonz\u00e1lez Saravia expres\u00f3 su orgullo y la gran responsabilidad que siente al asumir esta posici\u00f3n. \u201cTrabajar\u00e9 sin descanso, desde el primer d\u00eda, para devolverle al pueblo la alegr\u00eda y la esperanza. Juntos, construiremos la transformaci\u00f3n que Morelos necesita\u201d, afirm\u00f3 con determinaci\u00f3n.<\/p>\n<p>La nueva gobernadora hizo un llamado a la unidad y la colaboraci\u00f3n entre todos los morelenses, destacando que su administraci\u00f3n se enfocar\u00e1 en el bienestar de la ciudadan\u00eda y en la b\u00fasqueda de soluciones a los desaf\u00edos que enfrenta el estado.<\/p>\n<p>La toma de protesta marc\u00f3 el inicio del Gobierno de Morelos 2024-2030, un periodo en el que Gonz\u00e1lez Saravia se comprometi\u00f3 a fomentar el desarrollo y la participaci\u00f3n activa de la comunidad en la construcci\u00f3n de un futuro mejor. Con este hist\u00f3rico evento, Morelos da un paso hacia la inclusi\u00f3n y la representaci\u00f3n femenina en los altos mandos pol\u00edticos, estableciendo un precedente para las generaciones venideras.<\/p>\n","protected":false},"excerpt":{"rendered":"<p>\ud83d\udd38 La mandataria expres\u00f3 su orgullo y la gran responsabilidad que siente al asumir esta&#8230;<\/p>\n","protected":false},"author":1,"featured_media":25564,"comment_status":"open","ping_status":"closed","sticky":false,"template":"","format":"standard","meta":{"footnotes":""},"categories":[26],"tags":[],"class_list":["post-25562","post","type-post","status-publish","format-standard","has-post-thumbnail","hentry","category-morelos"],"_links":{"self":[{"href":"https:\/\/sacramentoqr.com\/index.php?rest_route=\/wp\/v2\/posts\/25562","targetHints":{"allow":["GET"]}}],"collection":[{"href":"https:\/\/sacramentoqr.com\/index.php?rest_route=\/wp\/v2\/posts"}],"about":[{"href":"https:\/\/sacramentoqr.com\/index.php?rest_route=\/wp\/v2\/types\/post"}],"author":[{"embeddable":true,"href":"https:\/\/sacramentoqr.com\/index.php?rest_route=\/wp\/v2\/users\/1"}],"replies":[{"embeddable":true,"href":"https:\/\/sacramentoqr.com\/index.php?rest_route=%2Fwp%2Fv2%2Fcomments&post=25562"}],"version-history":[{"count":1,"href":"https:\/\/sacramentoqr.com\/index.php?rest_route=\/wp\/v2\/posts\/25562\/revisions"}],"predecessor-version":[{"id":25563,"href":"https:\/\/sacramentoqr.com\/index.php?rest_route=\/wp\/v2\/posts\/25562\/revisions\/25563"}],"wp:featuredmedia":[{"embeddable":true,"href":"https:\/\/sacramentoqr.com\/index.php?rest_route=\/wp\/v2\/media\/25564"}],"wp:attachment":[{"href":"https:\/\/sacramentoqr.com\/index.php?rest_route=%2Fwp%2Fv2%2Fmedia&parent=25562"}],"wp:term":[{"taxonomy":"category","embeddable":true,"href":"https:\/\/sacramentoqr.com\/index.php?rest_route=%2Fwp%2Fv2%2Fcategories&post=25562"},{"taxonomy":"post_tag","embeddable":true,"href":"https:\/\/sacramentoqr.com\/index.php?rest_route=%2Fwp%2Fv2%2Ftags&post=25562"}],"curies":[{"name":"wp","href":"https:\/\/api.w.org\/{rel}","templated":true}]}}