{"id":25702,"date":"2024-10-08T13:04:57","date_gmt":"2024-10-08T18:04:57","guid":{"rendered":"https:\/\/sacramentoqr.com\/?p=25702"},"modified":"2024-10-08T18:04:59","modified_gmt":"2024-10-08T18:04:59","slug":"victoria-viquez-se-reune-con-vecinos-para-abordar-el-tema-del-drenaje-en-melchor-ocampo","status":"publish","type":"post","link":"https:\/\/sacramentoqr.com\/?p=25702","title":{"rendered":"Victoria V\u00edquez se re\u00fane con vecinos para abordar el tema del drenaje en Melchor Ocampo"},"content":{"rendered":"<p>\ud83d\udd38 La alcaldesa se comprometi\u00f3 a garantizar el mantenimiento necesario para ofrecer una soluci\u00f3n pronta al problema<\/p>\n<p>#ESTADODEMEXICO | La Presidenta Municipal de Melchor Ocampo, Victoria V{iquez, sostuvo una reuni\u00f3n con vecinos de las calles L\u00e1zaro C\u00e1rdenas y Libertad para discutir el preocupante colapso del drenaje en el centro del municipio. Durante el encuentro, la alcaldesa destac\u00f3 la necesidad de abordar este problema de manera integral, considerando factores como las lluvias at\u00edpicas y un sistema de drenaje obsoleto.<\/p>\n<p>\u201cSabemos que el drenaje fue dise\u00f1ado para una poblaci\u00f3n mucho menor que la actual, lo que agrava los problemas de inundaci\u00f3n. Adem\u00e1s, el sistema no est\u00e1 preparado para manejar los residuos y la grasa generada por el comercio en la zona\u201d, explic\u00f3 Victoria V\u00edquez.<\/p>\n<p>Como parte de las soluciones, se anunci\u00f3 la reubicaci\u00f3n del comercio al nuevo mercado municipal, cuya construcci\u00f3n se espera finalizar este a\u00f1o. \u201cEsta medida preventiva busca mejorar las condiciones en la zona y evitar futuros colapsos\u201d, afirm\u00f3 la edil. Tambi\u00e9n subray\u00f3 que las finanzas sanas de la administraci\u00f3n permiten invertir en proyectos que beneficien a todos los ciudadanos.<\/p>\n<p>La alcaldesa se comprometi\u00f3 a garantizar el mantenimiento necesario para ofrecer una soluci\u00f3n pronta al problema del drenaje y anunci\u00f3 que, para el pr\u00f3ximo a\u00f1o, se planea el embellecimiento de la plaza con espacios liberados.<\/p>\n<p>\u201cSeguimos trabajando por el bienestar de todos. Juntos lograremos una mejor calidad de vida para Melchor Ocampo\u201d, concluy\u00f3 la alcaldesa, reafirmando su compromiso con la comunidad.<\/p>\n","protected":false},"excerpt":{"rendered":"<p>\ud83d\udd38 La alcaldesa se comprometi\u00f3 a garantizar el mantenimiento necesario para ofrecer una soluci\u00f3n pronta&#8230;<\/p>\n","protected":false},"author":1,"featured_media":25704,"comment_status":"open","ping_status":"closed","sticky":false,"template":"","format":"standard","meta":{"footnotes":""},"categories":[23],"tags":[],"class_list":["post-25702","post","type-post","status-publish","format-standard","has-post-thumbnail","hentry","category-edomex"],"_links":{"self":[{"href":"https:\/\/sacramentoqr.com\/index.php?rest_route=\/wp\/v2\/posts\/25702","targetHints":{"allow":["GET"]}}],"collection":[{"href":"https:\/\/sacramentoqr.com\/index.php?rest_route=\/wp\/v2\/posts"}],"about":[{"href":"https:\/\/sacramentoqr.com\/index.php?rest_route=\/wp\/v2\/types\/post"}],"author":[{"embeddable":true,"href":"https:\/\/sacramentoqr.com\/index.php?rest_route=\/wp\/v2\/users\/1"}],"replies":[{"embeddable":true,"href":"https:\/\/sacramentoqr.com\/index.php?rest_route=%2Fwp%2Fv2%2Fcomments&post=25702"}],"version-history":[{"count":1,"href":"https:\/\/sacramentoqr.com\/index.php?rest_route=\/wp\/v2\/posts\/25702\/revisions"}],"predecessor-version":[{"id":25703,"href":"https:\/\/sacramentoqr.com\/index.php?rest_route=\/wp\/v2\/posts\/25702\/revisions\/25703"}],"wp:featuredmedia":[{"embeddable":true,"href":"https:\/\/sacramentoqr.com\/index.php?rest_route=\/wp\/v2\/media\/25704"}],"wp:attachment":[{"href":"https:\/\/sacramentoqr.com\/index.php?rest_route=%2Fwp%2Fv2%2Fmedia&parent=25702"}],"wp:term":[{"taxonomy":"category","embeddable":true,"href":"https:\/\/sacramentoqr.com\/index.php?rest_route=%2Fwp%2Fv2%2Fcategories&post=25702"},{"taxonomy":"post_tag","embeddable":true,"href":"https:\/\/sacramentoqr.com\/index.php?rest_route=%2Fwp%2Fv2%2Ftags&post=25702"}],"curies":[{"name":"wp","href":"https:\/\/api.w.org\/{rel}","templated":true}]}}