{"id":25711,"date":"2024-10-08T13:24:36","date_gmt":"2024-10-08T18:24:36","guid":{"rendered":"https:\/\/sacramentoqr.com\/?p=25711"},"modified":"2024-10-08T18:24:37","modified_gmt":"2024-10-08T18:24:37","slug":"victimas-del-incendio-en-la-guarderia-abc-no-volveran-a-pagar-un-recibo-de-luz","status":"publish","type":"post","link":"https:\/\/sacramentoqr.com\/?p=25711","title":{"rendered":"V\u00edctimas del incendio en la Guarder\u00eda ABC no volver\u00e1n a pagar un recibo de luz"},"content":{"rendered":"<p>\ud83d\udd38 El expresidente Andr\u00e9s Manuel L\u00f3pez Obrador firm\u00f3 un decreto que exenta de por vida del pago de electricidad a los ni\u00f1os lesionados, as\u00ed como a los padres de los 49 menores fallecidos<\/p>\n<p>#NACIONAL | Entre los servicios necesarios de toda casa, oficina o establecimiento destaca la electricidad ,y es que en muchos casos representa un alto gasto que se hace bimestralmente, sin embargo, ahora existe un grupo de familias que no volver\u00e1 a pagar un recibo de luz de CFE de por vida.<\/p>\n<p>Los beneficiados de este decreto son las v\u00edctimas del incendio en la Guarder\u00eda ABC, ocurrido en 2009 en Hermosillo, Sonora.<\/p>\n<p>Antes de concluir su sexenio, el ahora expresidente Andr\u00e9s Manuel L\u00f3pez Obrador firm\u00f3 un decreto para que las ni\u00f1as y ni\u00f1os que resultaron lesionados de forma permanente, ya sea por quemaduras, heridas incapacitantes o por inhalaci\u00f3n de sustancias t\u00f3xicas durante el incendio de la Guarder\u00eda ABC, as\u00ed como madres y padres de los 49 menores de edad fallecidos, queden exentos de pagar su recibo de luz de por vida.<\/p>\n<p>\u201cSe reconocen con car\u00e1cter extraordinario en favor de los ni\u00f1os y ni\u00f1as que resultaron lesionados de forma permanente o que inhalaron humo o t\u00f3xicos; de las madres y de los padres de los infantes fallecidos, de los padres de aquellos con lesiones incapacitantes, de las madres de los ni\u00f1os y ni\u00f1as lesionados de forma permanente o de aquellos que inhalaron humo o t\u00f3xicos, as\u00ed como para las maestras y otros adultos que resultaron afectados en el incendio ocurrido el 5 de junio de 2009, en la \u2018Guarder\u00eda ABC, Sociedad Civil\u2019, en la ciudad de Hermosillo, Sonora\u201d, se puede leer en el Diario Oficial de la Federaci\u00f3n.<\/p>\n<p>Este beneficio aplica desde el pasado 29 de septiembre y podr\u00e1 ser heredado por los hijos de los padres de familia que hayan perdido por fallecimiento a alg\u00fan menor de edad en el incendio de la Guarder\u00eda ABC.<\/p>\n<p>\u201cEn caso de fallecimiento de la madre o del padre, el importe de la medida que recib\u00eda se transferir\u00e1 en favor del hijo o hijos que le sobrevivan, quienes la recibir\u00e1n en la proporci\u00f3n que les corresponda, por s\u00ed mismos o, en el caso de menores de edad, por conducto de la persona que legalmente los represente\u201d, se lee en otra parte del decreto.<\/p>\n<p>\u00bfQu\u00e9 pas\u00f3 en la Guarder\u00eda ABC?<br \/>\nLa tragedia de la Guarder\u00eda ABC ocurri\u00f3 el 5 de junio de 2009 en Hermosillo, Sonora, M\u00e9xico, cuando un incendio devastador se desat\u00f3 en la guarder\u00eda, causando la muerte de 49 ni\u00f1os y dejando m\u00e1s de 100 heridos, muchos con quemaduras graves.<\/p>\n<p>El incendio se origin\u00f3 en una bodega contigua a la guarder\u00eda, que estaba conectada con el edificio por una pared. Las investigaciones se\u00f1alaron que la bodega, propiedad del gobierno estatal, conten\u00eda archivos y documentos, lo que pudo haber alimentado el fuego r\u00e1pidamente.<\/p>\n","protected":false},"excerpt":{"rendered":"<p>\ud83d\udd38 El expresidente Andr\u00e9s Manuel L\u00f3pez Obrador firm\u00f3 un decreto que exenta de por vida&#8230;<\/p>\n","protected":false},"author":1,"featured_media":25713,"comment_status":"open","ping_status":"closed","sticky":false,"template":"","format":"standard","meta":{"footnotes":""},"categories":[7],"tags":[],"class_list":["post-25711","post","type-post","status-publish","format-standard","has-post-thumbnail","hentry","category-nacional"],"_links":{"self":[{"href":"https:\/\/sacramentoqr.com\/index.php?rest_route=\/wp\/v2\/posts\/25711","targetHints":{"allow":["GET"]}}],"collection":[{"href":"https:\/\/sacramentoqr.com\/index.php?rest_route=\/wp\/v2\/posts"}],"about":[{"href":"https:\/\/sacramentoqr.com\/index.php?rest_route=\/wp\/v2\/types\/post"}],"author":[{"embeddable":true,"href":"https:\/\/sacramentoqr.com\/index.php?rest_route=\/wp\/v2\/users\/1"}],"replies":[{"embeddable":true,"href":"https:\/\/sacramentoqr.com\/index.php?rest_route=%2Fwp%2Fv2%2Fcomments&post=25711"}],"version-history":[{"count":1,"href":"https:\/\/sacramentoqr.com\/index.php?rest_route=\/wp\/v2\/posts\/25711\/revisions"}],"predecessor-version":[{"id":25712,"href":"https:\/\/sacramentoqr.com\/index.php?rest_route=\/wp\/v2\/posts\/25711\/revisions\/25712"}],"wp:featuredmedia":[{"embeddable":true,"href":"https:\/\/sacramentoqr.com\/index.php?rest_route=\/wp\/v2\/media\/25713"}],"wp:attachment":[{"href":"https:\/\/sacramentoqr.com\/index.php?rest_route=%2Fwp%2Fv2%2Fmedia&parent=25711"}],"wp:term":[{"taxonomy":"category","embeddable":true,"href":"https:\/\/sacramentoqr.com\/index.php?rest_route=%2Fwp%2Fv2%2Fcategories&post=25711"},{"taxonomy":"post_tag","embeddable":true,"href":"https:\/\/sacramentoqr.com\/index.php?rest_route=%2Fwp%2Fv2%2Ftags&post=25711"}],"curies":[{"name":"wp","href":"https:\/\/api.w.org\/{rel}","templated":true}]}}