{"id":25741,"date":"2024-10-10T11:33:31","date_gmt":"2024-10-10T16:33:31","guid":{"rendered":"https:\/\/sacramentoqr.com\/?p=25741"},"modified":"2024-10-10T16:33:32","modified_gmt":"2024-10-10T16:33:32","slug":"investigadores-confirman-que-huesos-enterrados-en-sevilla-son-de-cristobal-colon","status":"publish","type":"post","link":"https:\/\/sacramentoqr.com\/?p=25741","title":{"rendered":"Investigadores confirman que huesos enterrados en Sevilla son de Crist\u00f3bal Col\u00f3n"},"content":{"rendered":"<p>\ud83d\udd38 Expertos se\u00f1alan que el esqueleto enterrado en la Catedral de Sevilla est\u00e1 incompleto, lo que fortalece la postura de las autoridades de Rep\u00fablica Dominicana, quienes afirman tambi\u00e9n poseer restos \u00f3seos del navegante<\/p>\n<p>#CIENCIA Investigadores forenses de la Universidad de Granada (sur de Espa\u00f1a), liderados por el catedr\u00e1tico de Medicina Legal, Jos\u00e9 Antonio Lorente, confirmaron que, seg\u00fan su investigaci\u00f3n, los huesos de Crist\u00f3bal Col\u00f3n enterrados en la Catedral de Sevilla pertenecen efectivamente al navegante.<\/p>\n<p>As\u00ed lo comunic\u00f3 Lorente durante la presentaci\u00f3n del largometraje documental \u2018Col\u00f3n ADN. Su verdadero origen\u2019, de Story Producciones, que el d\u00eda 12 de octubre, d\u00eda que se conmemora la llegada de Col\u00f3n a tierras americanas, emitir\u00e1 RTVE; una especie de \u2018thriller\u2019 hist\u00f3rico, que resolver\u00e1 algunas inc\u00f3gnitas tras m\u00e1s de veinte a\u00f1os de investigaciones.<\/p>\n<p>&nbsp;<\/p>\n<p>Seg\u00fan dijo Lorente, en los estudios de 2003, 2004 y 2005 se habl\u00f3 de una \u201ccompatibilidad posible\u201d de que esos huesos fueran de Col\u00f3n, si bien era una probabilidad baja, porque no hab\u00eda suficiente cantidad de ADN.<\/p>\n<p>\u201cHoy se ha podido comprobar con unas tecnolog\u00edas nuevas, por lo que queda definitivamente afianzada esa teor\u00eda previa parcial de que los restos de Sevilla son de Crist\u00f3bal Col\u00f3n\u201d, se\u00f1al\u00f3.<\/p>\n<p>En el acto que se celebr\u00f3 en la Real Academia Nacional de Medicina, al tratarse para su presidente, Eduardo D\u00edaz-Rubio, de \u201cun d\u00eda hist\u00f3rico\u201d para la ciencia, Lorente explic\u00f3 que el dato es \u201cexacto\u201d, por lo que la fiabilidad desde el punto de vista del dato gen\u00e9tico es \u201cpr\u00e1cticamente absoluta\u201d y ha sido replicado por diferentes laboratorios.<\/p>\n<p>Adem\u00e1s, avanz\u00f3 que la investigaci\u00f3n ser\u00e1 publicada por una revista cient\u00edfica internacional, que es lo que hacen los investigadores cuando tienen un resultado que quieren compartir.<\/p>\n<p>Los huesos de Rep\u00fablica Dominicana tambi\u00e9n pueden ser de Col\u00f3n<br \/>\nAl acto tambi\u00e9n asisti\u00f3 uno de los descendiente del navegante, el duque de Veragua, el v\u00edgesimo Crist\u00f3bal Col\u00f3n, quien no obstante advirti\u00f3 que el esqueleto que hay en Sevilla es incompleto, y que a ello tambi\u00e9n se aferran en Rep\u00fablica Dominicana para decir que tambi\u00e9n cuentan con huesos del descubridor.<\/p>\n<p>\u201c\u00bfPudiera ser que parte de los huesos est\u00e9n en Dominicana y parte en Sevilla?\u201d, se pregunt\u00f3 el doctor Lorente, quien se contest\u00f3 que de acuerdo a los huesos que hay s\u00ed, porque \u201cni est\u00e1n todos en Sevilla, ni est\u00e1n todos en Dominicana\u201d.<\/p>\n<p>No obstante, tambi\u00e9n subray\u00f3 que los restos que hay en el pa\u00eds caribe\u00f1o \u201cno han sido objeto de estudio\u201d porque, aunque cuando comenzaron la investigaci\u00f3n fueron all\u00ed, sus autoridades les dijeron que no hab\u00eda ninguna duda de que eran de Col\u00f3n<\/p>\n<p>Respecto a la cuesti\u00f3n de la nacionalidad de Col\u00f3n, Lorente no dio una respuesta. Se espera que el enigma se resuelva en el documental que se emite el s\u00e1bado 12, algo que permitir\u00e1 \u201carrojar luz sobre la historia y tambi\u00e9n a reescribirla\u201d, seg\u00fan se\u00f1al\u00f3 la presidenta interina de RTVE, Concepci\u00f3n Cascajosa.<\/p>\n<p>La investigaci\u00f3n encabezada por Lorente trata de arrojar luz sobre el origen del navegante, en torno al cual circulan varias teor\u00edas, si bien la m\u00e1s extendida e internacionalmente aceptada es que era de G\u00e9nova (Italia).<\/p>\n<p>Este trabajo, seg\u00fan explic\u00f3 en su d\u00eda el catedr\u00e1tico de Medicina Forense y director del proyecto, incluye el an\u00e1lisis de ADN de los restos \u00f3seos de los que se disponen de Crist\u00f3bal Col\u00f3n, su hijo Hernando y su hermano Diego.<\/p>\n","protected":false},"excerpt":{"rendered":"<p>\ud83d\udd38 Expertos se\u00f1alan que el esqueleto enterrado en la Catedral de Sevilla est\u00e1 incompleto, lo&#8230;<\/p>\n","protected":false},"author":1,"featured_media":25743,"comment_status":"open","ping_status":"closed","sticky":false,"template":"","format":"standard","meta":{"footnotes":""},"categories":[12],"tags":[],"class_list":["post-25741","post","type-post","status-publish","format-standard","has-post-thumbnail","hentry","category-tecnologia"],"_links":{"self":[{"href":"https:\/\/sacramentoqr.com\/index.php?rest_route=\/wp\/v2\/posts\/25741","targetHints":{"allow":["GET"]}}],"collection":[{"href":"https:\/\/sacramentoqr.com\/index.php?rest_route=\/wp\/v2\/posts"}],"about":[{"href":"https:\/\/sacramentoqr.com\/index.php?rest_route=\/wp\/v2\/types\/post"}],"author":[{"embeddable":true,"href":"https:\/\/sacramentoqr.com\/index.php?rest_route=\/wp\/v2\/users\/1"}],"replies":[{"embeddable":true,"href":"https:\/\/sacramentoqr.com\/index.php?rest_route=%2Fwp%2Fv2%2Fcomments&post=25741"}],"version-history":[{"count":1,"href":"https:\/\/sacramentoqr.com\/index.php?rest_route=\/wp\/v2\/posts\/25741\/revisions"}],"predecessor-version":[{"id":25742,"href":"https:\/\/sacramentoqr.com\/index.php?rest_route=\/wp\/v2\/posts\/25741\/revisions\/25742"}],"wp:featuredmedia":[{"embeddable":true,"href":"https:\/\/sacramentoqr.com\/index.php?rest_route=\/wp\/v2\/media\/25743"}],"wp:attachment":[{"href":"https:\/\/sacramentoqr.com\/index.php?rest_route=%2Fwp%2Fv2%2Fmedia&parent=25741"}],"wp:term":[{"taxonomy":"category","embeddable":true,"href":"https:\/\/sacramentoqr.com\/index.php?rest_route=%2Fwp%2Fv2%2Fcategories&post=25741"},{"taxonomy":"post_tag","embeddable":true,"href":"https:\/\/sacramentoqr.com\/index.php?rest_route=%2Fwp%2Fv2%2Ftags&post=25741"}],"curies":[{"name":"wp","href":"https:\/\/api.w.org\/{rel}","templated":true}]}}