{"id":25774,"date":"2024-10-11T12:31:08","date_gmt":"2024-10-11T17:31:08","guid":{"rendered":"https:\/\/sacramentoqr.com\/?p=25774"},"modified":"2024-10-11T17:31:09","modified_gmt":"2024-10-11T17:31:09","slug":"evo-morales-enfrenta-orden-de-aprehension-por-caso-de-estupro","status":"publish","type":"post","link":"https:\/\/sacramentoqr.com\/?p=25774","title":{"rendered":"Evo Morales enfrenta orden de aprehensi\u00f3n por caso de estupro"},"content":{"rendered":"<p>\ud83d\udd38 El expresidente calific\u00f3 el hecho como una persecuci\u00f3n pol\u00edtica de su rival Luis Arce<\/p>\n<p>#INTERNACIONAL | La Fiscal\u00eda de Bolivia ha emitido una orden de aprehensi\u00f3n contra el expresidente Evo Morales por su falta de comparecencia en un caso relacionado con estupro, trata y tr\u00e1fico de personas. Este caso involucra a una menor de edad, con quien Morales habr\u00eda mantenido una relaci\u00f3n.<\/p>\n<p>La Fiscal\u00eda Departamental de Tarija, a trav\u00e9s de su representante Sandra Guti\u00e9rrez, confirm\u00f3 la emisi\u00f3n de la orden contra Morales y los padres de la supuesta v\u00edctima. Seg\u00fan la fiscal, el mandato de aprehensi\u00f3n fue emitido tras la notificaci\u00f3n legal sin vulnerar derechos. Guti\u00e9rrez explic\u00f3 que el objetivo de la orden es que Morales y los implicados se presenten ante la justicia para realizar la declaraci\u00f3n informativa correspondiente.<\/p>\n<p>El ex presidente Evo Morales, quien deb\u00eda comparecer ante la Fiscal\u00eda en Tarija, no se present\u00f3. Morales ha se\u00f1alado que este caso es una \u201cpersecuci\u00f3n pol\u00edtica\u201d por parte del gobierno del presidente Luis Arce, quien anteriormente fue su aliado pol\u00edtico y ahora es su rival en el contexto de las pr\u00f3ximas elecciones de 2025.<\/p>\n<p>Morales, que reside a m\u00e1s de 980 kil\u00f3metros de distancia de la regi\u00f3n donde lo citaron, argumenta que no puede presentarse en condiciones desfavorables. Su abogado, Jorge P\u00e9rez, afirm\u00f3 que Morales no acudi\u00f3 a la Fiscal\u00eda por encontrarse en desventaja geogr\u00e1fica y que las excusas ya fueron presentadas ante las autoridades. Otro abogado de Morales, Nelson Cox, indic\u00f3 que no exist\u00edan las garant\u00edas necesarias para su presentaci\u00f3n.<\/p>\n","protected":false},"excerpt":{"rendered":"<p>\ud83d\udd38 El expresidente calific\u00f3 el hecho como una persecuci\u00f3n pol\u00edtica de su rival Luis Arce&#8230;<\/p>\n","protected":false},"author":1,"featured_media":25776,"comment_status":"open","ping_status":"closed","sticky":false,"template":"","format":"standard","meta":{"footnotes":""},"categories":[5],"tags":[],"class_list":["post-25774","post","type-post","status-publish","format-standard","has-post-thumbnail","hentry","category-internacional"],"_links":{"self":[{"href":"https:\/\/sacramentoqr.com\/index.php?rest_route=\/wp\/v2\/posts\/25774","targetHints":{"allow":["GET"]}}],"collection":[{"href":"https:\/\/sacramentoqr.com\/index.php?rest_route=\/wp\/v2\/posts"}],"about":[{"href":"https:\/\/sacramentoqr.com\/index.php?rest_route=\/wp\/v2\/types\/post"}],"author":[{"embeddable":true,"href":"https:\/\/sacramentoqr.com\/index.php?rest_route=\/wp\/v2\/users\/1"}],"replies":[{"embeddable":true,"href":"https:\/\/sacramentoqr.com\/index.php?rest_route=%2Fwp%2Fv2%2Fcomments&post=25774"}],"version-history":[{"count":1,"href":"https:\/\/sacramentoqr.com\/index.php?rest_route=\/wp\/v2\/posts\/25774\/revisions"}],"predecessor-version":[{"id":25775,"href":"https:\/\/sacramentoqr.com\/index.php?rest_route=\/wp\/v2\/posts\/25774\/revisions\/25775"}],"wp:featuredmedia":[{"embeddable":true,"href":"https:\/\/sacramentoqr.com\/index.php?rest_route=\/wp\/v2\/media\/25776"}],"wp:attachment":[{"href":"https:\/\/sacramentoqr.com\/index.php?rest_route=%2Fwp%2Fv2%2Fmedia&parent=25774"}],"wp:term":[{"taxonomy":"category","embeddable":true,"href":"https:\/\/sacramentoqr.com\/index.php?rest_route=%2Fwp%2Fv2%2Fcategories&post=25774"},{"taxonomy":"post_tag","embeddable":true,"href":"https:\/\/sacramentoqr.com\/index.php?rest_route=%2Fwp%2Fv2%2Ftags&post=25774"}],"curies":[{"name":"wp","href":"https:\/\/api.w.org\/{rel}","templated":true}]}}