{"id":25826,"date":"2024-10-14T11:02:52","date_gmt":"2024-10-14T16:02:52","guid":{"rendered":"https:\/\/sacramentoqr.com\/?p=25826"},"modified":"2024-10-14T16:02:54","modified_gmt":"2024-10-14T16:02:54","slug":"existen-seis-tipos-de-depresion-como-identificarlos-segun-la-unam","status":"publish","type":"post","link":"https:\/\/sacramentoqr.com\/?p=25826","title":{"rendered":"Existen seis tipos de depresi\u00f3n, c\u00f3mo identificarlos seg\u00fan la UNAM"},"content":{"rendered":"<p>\ud83d\udd38 Este avance destaca la necesidad de tratamientos personalizados y resalta la urgencia de abordar la creciente epidemia de esta enfermedad mental, que la OMS prev\u00e9 ser\u00e1 la m\u00e1s com\u00fan para 2030<\/p>\n<p>#SALUD | La Universidad Nacional Aut\u00f3noma de M\u00e9xico (UNAM) ha destacado un innovador estudio realizado por universidades de Estados Unidos, como Stanford, Columbia y Yale, que identific\u00f3 seis biotipos de depresi\u00f3n. Este hallazgo promete mejorar la terapia para una enfermedad que afecta a millones a nivel mundial.<\/p>\n<p>De acuerdo con la Organizaci\u00f3n Mundial de la Salud (OMS), se anticipa que para 2030, la depresi\u00f3n superar\u00e1 al c\u00e1ncer y las enfermedades cardiovasculares como la enfermedad m\u00e1s com\u00fan. Ante este preocupante pron\u00f3stico, los investigadores han dedicado esfuerzos significativos para entender mejor esta condici\u00f3n y optimizar los tratamientos.<\/p>\n<p>Los seis biotipos de depresi\u00f3n identificados<br \/>\nEl estudio, que analiz\u00f3 la actividad cerebral de 801 personas con depresi\u00f3n o ansiedad y 137 sin estas condiciones mediante im\u00e1genes por resonancia magn\u00e9tica (IRM), revel\u00f3 los siguientes biotipos:<\/p>\n<p>Hiperactividad cognitiva: Asociada con mayor ansiedad y anhedonia (incapacidad de experimentar placer).<br \/>\nAlta conectividad cerebral: En tres regiones vinculadas a la resoluci\u00f3n de problemas.<br \/>\nBaja actividad en circuitos de atenci\u00f3n: Lo que podr\u00eda afectar la concentraci\u00f3n.<br \/>\nAlta reactividad emocional: Que puede intensificar los sentimientos negativos.<br \/>\nBaja actividad cognitiva: Y menor conectividad en regiones emocionales.<br \/>\nSin diferencias notables: En la actividad cerebral.<br \/>\nIngrid Vargas Huicochea, coordinadora del Departamento de Psiquiatr\u00eda y Salud Mental de la Facultad de Medicina de la UNAM, afirm\u00f3 que aunque esta clasificaci\u00f3n es prometedora, se necesita m\u00e1s investigaci\u00f3n para implementarla en la pr\u00e1ctica cl\u00ednica.<\/p>\n<p>Gabriel Guti\u00e9rrez Ospina, investigador de la Facultad de Psicolog\u00eda, tambi\u00e9n enfatiz\u00f3 la importancia de este avance, pero advirti\u00f3 que la cartograf\u00eda cerebral no debe ser el \u00fanico recurso, ya que hay otras variables que deben considerarse.<\/p>\n<p>Impacto econ\u00f3mico y social<br \/>\nUn diagn\u00f3stico r\u00e1pido y preciso de la depresi\u00f3n no solo mejorar\u00eda la calidad de vida de los pacientes, sino que tambi\u00e9n podr\u00eda reducir costos relacionados con su tratamiento. La OMS estima que la depresi\u00f3n y la ansiedad provocan la p\u00e9rdida de 12 mil millones de d\u00edas de trabajo al a\u00f1o, resultando en una p\u00e9rdida de productividad de un bill\u00f3n de d\u00f3lares. Adem\u00e1s, los costos directos de tratamiento pueden oscilar entre 4 y 12 millones de pesos.<\/p>\n<p>Guti\u00e9rrez Ospina tambi\u00e9n mencion\u00f3 que un diagn\u00f3stico m\u00e1s eficiente podr\u00eda disminuir la tasa de abandono del tratamiento, que afecta a aproximadamente el 30% de los pacientes. Este avance podr\u00eda proporcionar mayor certeza tanto a los pacientes como a sus terapeutas, acelerando el proceso de recuperaci\u00f3n.<\/p>\n<p>Sin embargo, a pesar del optimismo que genera este descubrimiento, los expertos de la UNAM recuerdan que a\u00fan enfrentan importantes desaf\u00edos. Guti\u00e9rrez Ospina destac\u00f3 la necesidad de considerar la historia cl\u00ednica del paciente, as\u00ed como los factores desencadenantes de la depresi\u00f3n, para obtener una visi\u00f3n m\u00e1s completa del trastorno. Adem\u00e1s, subray\u00f3 que el estudio presenta un sesgo poblacional, dado que la mayor\u00eda de los participantes eran de origen cauc\u00e1sico, lo que resalta la importancia de realizar m\u00e1s investigaciones en poblaciones diversas.<\/p>\n","protected":false},"excerpt":{"rendered":"<p>\ud83d\udd38 Este avance destaca la necesidad de tratamientos personalizados y resalta la urgencia de abordar&#8230;<\/p>\n","protected":false},"author":1,"featured_media":25828,"comment_status":"open","ping_status":"closed","sticky":false,"template":"","format":"standard","meta":{"footnotes":""},"categories":[11],"tags":[],"class_list":["post-25826","post","type-post","status-publish","format-standard","has-post-thumbnail","hentry","category-salud"],"_links":{"self":[{"href":"https:\/\/sacramentoqr.com\/index.php?rest_route=\/wp\/v2\/posts\/25826","targetHints":{"allow":["GET"]}}],"collection":[{"href":"https:\/\/sacramentoqr.com\/index.php?rest_route=\/wp\/v2\/posts"}],"about":[{"href":"https:\/\/sacramentoqr.com\/index.php?rest_route=\/wp\/v2\/types\/post"}],"author":[{"embeddable":true,"href":"https:\/\/sacramentoqr.com\/index.php?rest_route=\/wp\/v2\/users\/1"}],"replies":[{"embeddable":true,"href":"https:\/\/sacramentoqr.com\/index.php?rest_route=%2Fwp%2Fv2%2Fcomments&post=25826"}],"version-history":[{"count":1,"href":"https:\/\/sacramentoqr.com\/index.php?rest_route=\/wp\/v2\/posts\/25826\/revisions"}],"predecessor-version":[{"id":25827,"href":"https:\/\/sacramentoqr.com\/index.php?rest_route=\/wp\/v2\/posts\/25826\/revisions\/25827"}],"wp:featuredmedia":[{"embeddable":true,"href":"https:\/\/sacramentoqr.com\/index.php?rest_route=\/wp\/v2\/media\/25828"}],"wp:attachment":[{"href":"https:\/\/sacramentoqr.com\/index.php?rest_route=%2Fwp%2Fv2%2Fmedia&parent=25826"}],"wp:term":[{"taxonomy":"category","embeddable":true,"href":"https:\/\/sacramentoqr.com\/index.php?rest_route=%2Fwp%2Fv2%2Fcategories&post=25826"},{"taxonomy":"post_tag","embeddable":true,"href":"https:\/\/sacramentoqr.com\/index.php?rest_route=%2Fwp%2Fv2%2Ftags&post=25826"}],"curies":[{"name":"wp","href":"https:\/\/api.w.org\/{rel}","templated":true}]}}