{"id":25838,"date":"2024-10-14T11:29:25","date_gmt":"2024-10-14T16:29:25","guid":{"rendered":"https:\/\/sacramentoqr.com\/?p=25838"},"modified":"2024-10-14T16:29:26","modified_gmt":"2024-10-14T16:29:26","slug":"trump-promete-10-mil-agentes-adicionales-en-su-lucha-con-harris-por-la-inmigracion","status":"publish","type":"post","link":"https:\/\/sacramentoqr.com\/?p=25838","title":{"rendered":"Trump promete 10 mil agentes adicionales en su lucha con Harris por la inmigraci\u00f3n"},"content":{"rendered":"<p>\ud83d\udd38 Durante un mitin en Arizona, un estado crucial para las elecciones, el expresidente, respaldado por l\u00edderes sindicales, afirm\u00f3 que estas medidas son necesarias para abordar la crisis en la frontera<\/p>\n<p>#INTERNACIONAL | Donald Trump anunci\u00f3 el domingo su propuesta para contratar 10 mil agentes adicionales de la Patrulla Fronteriza si es reelegido como presidente, intensificando su postura sobre la migraci\u00f3n en su competencia contra Kamala Harris.<\/p>\n<p>Durante un mitin en Arizona, un estado clave para las elecciones, el expresidente tambi\u00e9n propuso un aumento salarial del 10% para los agentes fronterizos y una prima de retenci\u00f3n de 10 mil d\u00f3lares.<\/p>\n<p>Promesa para reforzar la patrulla fronteriza<br \/>\nAcompa\u00f1ado de l\u00edderes sindicales de la Patrulla Fronteriza, quienes han expresado su respaldo a Trump, el candidato destac\u00f3 que estas medidas asegurar\u00edan la contrataci\u00f3n y retenci\u00f3n de los agentes necesarios para manejar la crisis en la frontera.<\/p>\n<p>Actualmente, la Patrulla Fronteriza cuenta con 20 mil agentes, y la propuesta busca sumar m\u00e1s personal para enfrentar la migraci\u00f3n ilegal.<\/p>\n<p>Trump y Harris est\u00e1n inmersos en una re\u00f1ida carrera electoral de cara a las elecciones del pr\u00f3ximo 5 de noviembre, donde la migraci\u00f3n se ha convertido en uno de los temas m\u00e1s relevantes para los votantes. De acuerdo con encuestas recientes, Trump es visto como el candidato m\u00e1s capacitado para manejar esta problem\u00e1tica.<\/p>\n<p>Durante el mitin, Trump arremeti\u00f3 contra Harris y el presidente Joe Biden, acus\u00e1ndolos de ser responsables de un sistema migratorio roto.<\/p>\n<p>Seg\u00fan cifras del gobierno, m\u00e1s de 7 millones de inmigrantes han sido detenidos al cruzar ilegalmente la frontera bajo la administraci\u00f3n de Biden, lo que ha generado fuertes cr\u00edticas por parte de Trump y otros republicanos.<\/p>\n<p>Harris ha esbozado su plan para reformar el sistema de migraci\u00f3n, calificando las propuestas de Trump como una estrategia para \u201cavivar las llamas del miedo y la divisi\u00f3n\u201d.<\/p>\n<p>La candidata dem\u00f3crata tambi\u00e9n ha prometido restricciones m\u00e1s estrictas en el tema del asilo y ha enfatizado la necesidad de evitar la entrada del fentanilo a Estados Unidos.<\/p>\n<p>Ret\u00f3rica antimigraci\u00f3n de Trump<br \/>\nEn las \u00faltimas semanas, Trump ha endurecido su ret\u00f3rica, refiri\u00e9ndose a algunos inmigrantes ilegales como \u201cmonstruos\u201d y \u201cviles animales\u201d que cometen delitos violentos en Estados Unidos. Adem\u00e1s, el expresidente pidi\u00f3 la pena de muerte para cualquier imigrante que asesine a un ciudadano estadounidense.<\/p>\n<p>A pesar de estas duras afirmaciones, estudios han demostrado que no hay evidencias de que los inmigrantes cometan m\u00e1s delitos que los nacidos en Estados Unidos. Sin embargo, los cr\u00edticos se\u00f1alan que el lenguaje de Trump refuerza estereotipos racistas y fomenta la divisi\u00f3n.<\/p>\n","protected":false},"excerpt":{"rendered":"<p>\ud83d\udd38 Durante un mitin en Arizona, un estado crucial para las elecciones, el expresidente, respaldado&#8230;<\/p>\n","protected":false},"author":1,"featured_media":25840,"comment_status":"open","ping_status":"closed","sticky":false,"template":"","format":"standard","meta":{"footnotes":""},"categories":[5],"tags":[],"class_list":["post-25838","post","type-post","status-publish","format-standard","has-post-thumbnail","hentry","category-internacional"],"_links":{"self":[{"href":"https:\/\/sacramentoqr.com\/index.php?rest_route=\/wp\/v2\/posts\/25838","targetHints":{"allow":["GET"]}}],"collection":[{"href":"https:\/\/sacramentoqr.com\/index.php?rest_route=\/wp\/v2\/posts"}],"about":[{"href":"https:\/\/sacramentoqr.com\/index.php?rest_route=\/wp\/v2\/types\/post"}],"author":[{"embeddable":true,"href":"https:\/\/sacramentoqr.com\/index.php?rest_route=\/wp\/v2\/users\/1"}],"replies":[{"embeddable":true,"href":"https:\/\/sacramentoqr.com\/index.php?rest_route=%2Fwp%2Fv2%2Fcomments&post=25838"}],"version-history":[{"count":1,"href":"https:\/\/sacramentoqr.com\/index.php?rest_route=\/wp\/v2\/posts\/25838\/revisions"}],"predecessor-version":[{"id":25839,"href":"https:\/\/sacramentoqr.com\/index.php?rest_route=\/wp\/v2\/posts\/25838\/revisions\/25839"}],"wp:featuredmedia":[{"embeddable":true,"href":"https:\/\/sacramentoqr.com\/index.php?rest_route=\/wp\/v2\/media\/25840"}],"wp:attachment":[{"href":"https:\/\/sacramentoqr.com\/index.php?rest_route=%2Fwp%2Fv2%2Fmedia&parent=25838"}],"wp:term":[{"taxonomy":"category","embeddable":true,"href":"https:\/\/sacramentoqr.com\/index.php?rest_route=%2Fwp%2Fv2%2Fcategories&post=25838"},{"taxonomy":"post_tag","embeddable":true,"href":"https:\/\/sacramentoqr.com\/index.php?rest_route=%2Fwp%2Fv2%2Ftags&post=25838"}],"curies":[{"name":"wp","href":"https:\/\/api.w.org\/{rel}","templated":true}]}}