{"id":25855,"date":"2024-10-15T11:29:27","date_gmt":"2024-10-15T16:29:27","guid":{"rendered":"https:\/\/sacramentoqr.com\/?p=25855"},"modified":"2024-10-15T16:29:29","modified_gmt":"2024-10-15T16:29:29","slug":"kylian-mbappe-es-investigado-por-presuntas-acusaciones-de-acoso","status":"publish","type":"post","link":"https:\/\/sacramentoqr.com\/?p=25855","title":{"rendered":"Kylian Mbapp\u00e9 es investigado por presuntas acusaci\u00f3nes de acoso"},"content":{"rendered":"<p>\ud83d\udd38 Seg\u00fan el diario Aftonbladet, el incidente habr\u00eda sucedido en un hotel, y la Fiscal\u00eda sueca ha confirmado que el caso est\u00e1 bajo investigaci\u00f3n<\/p>\n<p>#DEPORTES | En medio de una creciente controversia, el delantero franc\u00e9s del Real Madrid, Kylian Mbapp\u00e9, est\u00e1 siendo objeto de una investigaci\u00f3n policial en Suecia por una supuesta violaci\u00f3n ocurrida la semana pasada en Estocolmo. Sin embargo, el futbolista y su entorno han desmentido rotundamente estas acusaciones.<\/p>\n<p>Seg\u00fan el diario sueco Aftonbladet, el jugador, quien estuvo en la capital sueca la semana pasada, es el principal sospechoso de un incidente que habr\u00eda tenido lugar el jueves en un hotel. Otras fuentes, como el diario Expresen, han corroborado la implicaci\u00f3n de Mbapp\u00e9, indicando que la polic\u00eda ha incautado prendas de vestir como parte de la investigaci\u00f3n.<\/p>\n<p>TV4 tambi\u00e9n se ha hecho eco de la noticia, informando que la demandante se present\u00f3 el s\u00e1bado en un hospital, donde denunci\u00f3 haber sido v\u00edctima de una agresi\u00f3n y mencion\u00f3 a Mbapp\u00e9 como el presunto agresor. En respuesta a estas revelaciones, la Fiscal\u00eda sueca emiti\u00f3 un comunicado confirmando que existe una investigaci\u00f3n en curso por \u201cuna sospecha de violaci\u00f3n en Estocolmo\u201d.<\/p>\n<p>\u201cEl fiscal puede confirmar que la polic\u00eda ha recibido un informe de violaci\u00f3n, seg\u00fan el cual el incidente tuvo lugar el 10 de octubre de 2024 en un hotel del centro de Estocolmo. La fiscal no est\u00e1 disponible para los medios y no puede brindar m\u00e1s informaci\u00f3n en este momento. Cuando haya m\u00e1s informaci\u00f3n disponible, se enviar\u00e1 un nuevo comunicado de prensa\u201d, se lee en el comunicado.<\/p>\n","protected":false},"excerpt":{"rendered":"<p>\ud83d\udd38 Seg\u00fan el diario Aftonbladet, el incidente habr\u00eda sucedido en un hotel, y la Fiscal\u00eda&#8230;<\/p>\n","protected":false},"author":1,"featured_media":25857,"comment_status":"open","ping_status":"closed","sticky":false,"template":"","format":"standard","meta":{"footnotes":""},"categories":[3],"tags":[],"class_list":["post-25855","post","type-post","status-publish","format-standard","has-post-thumbnail","hentry","category-deportes"],"_links":{"self":[{"href":"https:\/\/sacramentoqr.com\/index.php?rest_route=\/wp\/v2\/posts\/25855","targetHints":{"allow":["GET"]}}],"collection":[{"href":"https:\/\/sacramentoqr.com\/index.php?rest_route=\/wp\/v2\/posts"}],"about":[{"href":"https:\/\/sacramentoqr.com\/index.php?rest_route=\/wp\/v2\/types\/post"}],"author":[{"embeddable":true,"href":"https:\/\/sacramentoqr.com\/index.php?rest_route=\/wp\/v2\/users\/1"}],"replies":[{"embeddable":true,"href":"https:\/\/sacramentoqr.com\/index.php?rest_route=%2Fwp%2Fv2%2Fcomments&post=25855"}],"version-history":[{"count":1,"href":"https:\/\/sacramentoqr.com\/index.php?rest_route=\/wp\/v2\/posts\/25855\/revisions"}],"predecessor-version":[{"id":25856,"href":"https:\/\/sacramentoqr.com\/index.php?rest_route=\/wp\/v2\/posts\/25855\/revisions\/25856"}],"wp:featuredmedia":[{"embeddable":true,"href":"https:\/\/sacramentoqr.com\/index.php?rest_route=\/wp\/v2\/media\/25857"}],"wp:attachment":[{"href":"https:\/\/sacramentoqr.com\/index.php?rest_route=%2Fwp%2Fv2%2Fmedia&parent=25855"}],"wp:term":[{"taxonomy":"category","embeddable":true,"href":"https:\/\/sacramentoqr.com\/index.php?rest_route=%2Fwp%2Fv2%2Fcategories&post=25855"},{"taxonomy":"post_tag","embeddable":true,"href":"https:\/\/sacramentoqr.com\/index.php?rest_route=%2Fwp%2Fv2%2Ftags&post=25855"}],"curies":[{"name":"wp","href":"https:\/\/api.w.org\/{rel}","templated":true}]}}