{"id":25885,"date":"2024-10-16T12:36:53","date_gmt":"2024-10-16T17:36:53","guid":{"rendered":"https:\/\/sacramentoqr.com\/?p=25885"},"modified":"2024-10-16T17:36:55","modified_gmt":"2024-10-16T17:36:55","slug":"prada-viste-mas-comodamente-a-los-astronautas-de-la-nasa-que-regresaran-a-la-luna","status":"publish","type":"post","link":"https:\/\/sacramentoqr.com\/?p=25885","title":{"rendered":"Prada viste \u201cm\u00e1s c\u00f3modamente\u201d a los astronautas de la NASA que regresar\u00e1n a la luna"},"content":{"rendered":"<p>\ud83d\udd38 Los trajes para los cosmonautas fueron desarrollados por la famosa casa de moda en colaboraci\u00f3n con la compa\u00f1\u00eda Axiom Space<\/p>\n<p>#TECNOLOG\u00cdA | La firma Prada vestir\u00e1 a los astronautas de la futura misi\u00f3n lunar de la NASA, la Artemis III, con trajes \u201cm\u00e1s c\u00f3modos\u201d y est\u00e9ticos, seg\u00fan revel\u00f3 en el Congreso Astron\u00e1utico Internacional celebrado en Mil\u00e1n, Italia.<\/p>\n<p>Los trajes para los astronautas de la NASA fueron desarrollados por la famosa casa de moda en colaboraci\u00f3n con la compa\u00f1\u00eda Axiom Space, que mostr\u00f3 las primeras im\u00e1genes en el foro cient\u00edfico internacional.<\/p>\n<p>\u201cLa experiencia de Prada ha permitido usar tecnolog\u00edas avanzadas y m\u00e9todos de cosido innovadores para colmar la diferencia entre una ingenier\u00eda elevada y un aspecto externo blanco est\u00e9ticamente atractivo, ofreciendo a los astronautas una mayor comodidad y mejorando al mismo tiempo la prestaci\u00f3n de los materiales\u201d, seg\u00fan un comunicado de Axiom Space.<\/p>\n<p>El director de Responsabilidad Social Corporativa de Prada, Lorenzo Bertelli, ha asegurado que este proyecto ha supuesto para la marca \u201cir m\u00e1s all\u00e1 de sus propios l\u00edmites\u201d.<\/p>\n<p>\u201cHemos compartido nuestras competencias sobre materiales y altas prestaciones, nuestras caracter\u00edsticas y t\u00e9cnicas de coser, y hemos aprendido mucho\u201d, celebr\u00f3.<\/p>\n<p>Los trajes de los astronautas de la misi\u00f3n Artemis III, prevista para septiembre de 2026, ser\u00e1 blancos con detalles en rojo -uno de los colores de la marca- y usar\u00e1n telas innovadoras que mejorar\u00e1n su flexibilidad, movilidad y seguridad.<\/p>\n<p>Tambi\u00e9n tendr\u00e1n guantes hechos a la medida y un casco con luces y una c\u00e1mara en alta definici\u00f3n, entre otras cosas.<\/p>\n","protected":false},"excerpt":{"rendered":"<p>\ud83d\udd38 Los trajes para los cosmonautas fueron desarrollados por la famosa casa de moda en&#8230;<\/p>\n","protected":false},"author":1,"featured_media":25887,"comment_status":"open","ping_status":"closed","sticky":false,"template":"","format":"standard","meta":{"footnotes":""},"categories":[12],"tags":[],"class_list":["post-25885","post","type-post","status-publish","format-standard","has-post-thumbnail","hentry","category-tecnologia"],"_links":{"self":[{"href":"https:\/\/sacramentoqr.com\/index.php?rest_route=\/wp\/v2\/posts\/25885","targetHints":{"allow":["GET"]}}],"collection":[{"href":"https:\/\/sacramentoqr.com\/index.php?rest_route=\/wp\/v2\/posts"}],"about":[{"href":"https:\/\/sacramentoqr.com\/index.php?rest_route=\/wp\/v2\/types\/post"}],"author":[{"embeddable":true,"href":"https:\/\/sacramentoqr.com\/index.php?rest_route=\/wp\/v2\/users\/1"}],"replies":[{"embeddable":true,"href":"https:\/\/sacramentoqr.com\/index.php?rest_route=%2Fwp%2Fv2%2Fcomments&post=25885"}],"version-history":[{"count":1,"href":"https:\/\/sacramentoqr.com\/index.php?rest_route=\/wp\/v2\/posts\/25885\/revisions"}],"predecessor-version":[{"id":25886,"href":"https:\/\/sacramentoqr.com\/index.php?rest_route=\/wp\/v2\/posts\/25885\/revisions\/25886"}],"wp:featuredmedia":[{"embeddable":true,"href":"https:\/\/sacramentoqr.com\/index.php?rest_route=\/wp\/v2\/media\/25887"}],"wp:attachment":[{"href":"https:\/\/sacramentoqr.com\/index.php?rest_route=%2Fwp%2Fv2%2Fmedia&parent=25885"}],"wp:term":[{"taxonomy":"category","embeddable":true,"href":"https:\/\/sacramentoqr.com\/index.php?rest_route=%2Fwp%2Fv2%2Fcategories&post=25885"},{"taxonomy":"post_tag","embeddable":true,"href":"https:\/\/sacramentoqr.com\/index.php?rest_route=%2Fwp%2Fv2%2Ftags&post=25885"}],"curies":[{"name":"wp","href":"https:\/\/api.w.org\/{rel}","templated":true}]}}