{"id":25906,"date":"2024-10-17T11:02:12","date_gmt":"2024-10-17T16:02:12","guid":{"rendered":"https:\/\/sacramentoqr.com\/?p=25906"},"modified":"2024-10-17T16:02:13","modified_gmt":"2024-10-17T16:02:13","slug":"claudia-sheinbaum-aplaude-decision-para-descontar-a-los-trabajadores-del-poder-judicial-que-continuen-sin-laborar","status":"publish","type":"post","link":"https:\/\/sacramentoqr.com\/?p=25906","title":{"rendered":"Claudia Sheinbaum aplaude decisi\u00f3n para descontar a los trabajadores del Poder Judicial que contin\u00faen sin laborar"},"content":{"rendered":"<p>\ud83d\udd38 La presidenta efendi\u00f3 que el INE debe continuar con el proceso de elecciones para jueces y magistrados, ya que no existen amparos que lo frenen, tras la reforma<\/p>\n<p>#NACIONAL | La presidenta Claudia Sheinbaum Pardo aplaudi\u00f3 que el Consejo de la Judicatura Federal (CJF) haya tomado la decisi\u00f3n de ahora s\u00ed descontar los sueldos de los trabajadores que no quieren terminar el paro de labores y siguen en manifestaciones.<\/p>\n<p>En la conferencia ma\u00f1anera de este jueves sostuvo que por la ma\u00f1ana fue informada que dichos trabajadores regresar\u00eda a trabajar este d\u00eda, que la instituci\u00f3n ya hizo un llamado a que se regrese a trabajar.<\/p>\n<p>\u201cAyer decidieron regresar a trabajar. No, en el Consejo de la Judicatura me informaron hoy, a ver si lo checan bien, que ya hay un llamado a regresar a trabajar. De todos. S\u00ed, pero hay una orientaci\u00f3n en el sentido de que si no regresan a trabajar, entonces ahora s\u00ed va a haber descuento de salario. Otro aplauso para el Consejo de la Judicatura\u201d, declar\u00f3.<\/p>\n<p>INE no tiene que detener el proceso de elecci\u00f3n del Poder Judicial: Sheinbaum<br \/>\nLa presidenta Claudia Sheinbaum Pardo asegur\u00f3 que el Instituto Nacional Electoral no tiene por qu\u00e9 detener el proceso de preparaci\u00f3n para las elecciones de jueces, ministros y magistrados que se llevar\u00e1n a cabo el pr\u00f3ximo primero de julio de 2025.<\/p>\n<p>En la conferencia ma\u00f1anera del pueblo sostuvo que no hay amparos que digan que dicho proceso se debe de detener, pues luego de la aprobaci\u00f3n de la ley propuesta por el expresidente L\u00f3pez Obrador y su publicaci\u00f3n en el Diario Oficial de la Federaci\u00f3n, dicho proceso se estableci\u00f3 en la Constituci\u00f3n.<\/p>\n<p>\u201cPues no tendr\u00edan por qu\u00e9. Es una decisi\u00f3n del pueblo de M\u00e9xico que se mostr\u00f3 en el resultado de la elecci\u00f3n y que a su vez es una reforma constitucional que con los propios art\u00edculos de la Constituci\u00f3n est\u00e1 ya publicada en el Diario Oficial de la Federaci\u00f3n y es la nueva Constituci\u00f3n. Entonces las y los consejeros deben seguir lo que establece la Constituci\u00f3n. No hay ning\u00fan amparo, ya lo dijo el propio Diego Valades, que pueda evitar que se lleve a buen t\u00e9rmino la elecci\u00f3n\u201d, explic\u00f3.<\/p>\n<p>El d\u00eda de ayer se dio a conocer que el Consejo General del Instituto Nacional Electoral fren\u00f3 sus trabajos y sus sesiones, pues aseguraron que no seguir\u00e1n con los preparativos de las elecciones extraordinarias de jueces, ministros y magistrados hasta que el Tribunal Electoral del Poder Judicial de la Federaci\u00f3n resuelva las impugnaciones que han solicitado.<\/p>\n","protected":false},"excerpt":{"rendered":"<p>\ud83d\udd38 La presidenta efendi\u00f3 que el INE debe continuar con el proceso de elecciones para&#8230;<\/p>\n","protected":false},"author":1,"featured_media":25908,"comment_status":"open","ping_status":"closed","sticky":false,"template":"","format":"standard","meta":{"footnotes":""},"categories":[7],"tags":[],"class_list":["post-25906","post","type-post","status-publish","format-standard","has-post-thumbnail","hentry","category-nacional"],"_links":{"self":[{"href":"https:\/\/sacramentoqr.com\/index.php?rest_route=\/wp\/v2\/posts\/25906","targetHints":{"allow":["GET"]}}],"collection":[{"href":"https:\/\/sacramentoqr.com\/index.php?rest_route=\/wp\/v2\/posts"}],"about":[{"href":"https:\/\/sacramentoqr.com\/index.php?rest_route=\/wp\/v2\/types\/post"}],"author":[{"embeddable":true,"href":"https:\/\/sacramentoqr.com\/index.php?rest_route=\/wp\/v2\/users\/1"}],"replies":[{"embeddable":true,"href":"https:\/\/sacramentoqr.com\/index.php?rest_route=%2Fwp%2Fv2%2Fcomments&post=25906"}],"version-history":[{"count":1,"href":"https:\/\/sacramentoqr.com\/index.php?rest_route=\/wp\/v2\/posts\/25906\/revisions"}],"predecessor-version":[{"id":25907,"href":"https:\/\/sacramentoqr.com\/index.php?rest_route=\/wp\/v2\/posts\/25906\/revisions\/25907"}],"wp:featuredmedia":[{"embeddable":true,"href":"https:\/\/sacramentoqr.com\/index.php?rest_route=\/wp\/v2\/media\/25908"}],"wp:attachment":[{"href":"https:\/\/sacramentoqr.com\/index.php?rest_route=%2Fwp%2Fv2%2Fmedia&parent=25906"}],"wp:term":[{"taxonomy":"category","embeddable":true,"href":"https:\/\/sacramentoqr.com\/index.php?rest_route=%2Fwp%2Fv2%2Fcategories&post=25906"},{"taxonomy":"post_tag","embeddable":true,"href":"https:\/\/sacramentoqr.com\/index.php?rest_route=%2Fwp%2Fv2%2Ftags&post=25906"}],"curies":[{"name":"wp","href":"https:\/\/api.w.org\/{rel}","templated":true}]}}