{"id":25930,"date":"2024-10-18T11:55:01","date_gmt":"2024-10-18T16:55:01","guid":{"rendered":"https:\/\/sacramentoqr.com\/?p=25930"},"modified":"2024-10-18T16:55:02","modified_gmt":"2024-10-18T16:55:02","slug":"vero-diaz-celebra-el-legado-de-las-sufragistas-en-el-senado-de-la-republica","status":"publish","type":"post","link":"https:\/\/sacramentoqr.com\/?p=25930","title":{"rendered":"Vero D\u00edaz celebra el legado de las sufragistas en el Senado de la Rep\u00fablica"},"content":{"rendered":"<p>\ud83d\udd38 La legisladora conmemor\u00f3 el 71 aniversario del reconocimiento de la ciudadan\u00eda plena a las mujeres en M\u00e9xico<\/p>\n<p>#ZACATECAS | En una emotiva sesi\u00f3n solemne, la senadora por Zacatecas, Vero D\u00edaz, conmemor\u00f3 el 71 aniversario del reconocimiento de la ciudadan\u00eda plena a las mujeres en M\u00e9xico. Durante su intervenci\u00f3n, destac\u00f3 la importancia del trabajo de las mujeres en la transformaci\u00f3n del pa\u00eds, afirmando con orgullo: \u201c\u00a1estamos transformando con nuestro trabajo al pa\u00eds!\u201d.<\/p>\n<p>El evento tuvo como momento culminante la develaci\u00f3n de una inscripci\u00f3n en el Muro de Honor del Senado de la Rep\u00fablica, que rinde homenaje a las sufragistas que lucharon incansablemente por la libertad y los derechos pol\u00edticos de las mujeres. La inscripci\u00f3n, que reza: \u201cA las sufragistas que nunca se rindieron ni abandonaron la lucha por la libertad\u201d, resalta el valor y la determinaci\u00f3n de aquellas que abrieron camino a las futuras generaciones.<\/p>\n<p>D\u00edaz subray\u00f3 la relevancia de recordar a estas pioneras en la lucha por la igualdad, y enfatiz\u00f3 que \u201c\u00a1es tiempo de mujeres!\u201d. Su mensaje resuena con un llamado a la acci\u00f3n y a la unidad, instando a todas las mujeres a seguir luchando por sus derechos y a contribuir activamente en la vida pol\u00edtica y social del pa\u00eds.<\/p>\n<p>La senadora concluy\u00f3 su intervenci\u00f3n destacando la necesidad de continuar avanzando hacia un M\u00e9xico m\u00e1s equitativo, donde el trabajo y la voz de las mujeres sean reconocidos y valorados en todos los \u00e1mbitos. Este homenaje no solo es un recordatorio del pasado, sino tambi\u00e9n un impulso para las mujeres de hoy a seguir adelante en su b\u00fasqueda de justicia y equidad.<\/p>\n","protected":false},"excerpt":{"rendered":"<p>\ud83d\udd38 La legisladora conmemor\u00f3 el 71 aniversario del reconocimiento de la ciudadan\u00eda plena a las&#8230;<\/p>\n","protected":false},"author":1,"featured_media":25932,"comment_status":"open","ping_status":"closed","sticky":false,"template":"","format":"standard","meta":{"footnotes":""},"categories":[30],"tags":[],"class_list":["post-25930","post","type-post","status-publish","format-standard","has-post-thumbnail","hentry","category-zacatecas"],"_links":{"self":[{"href":"https:\/\/sacramentoqr.com\/index.php?rest_route=\/wp\/v2\/posts\/25930","targetHints":{"allow":["GET"]}}],"collection":[{"href":"https:\/\/sacramentoqr.com\/index.php?rest_route=\/wp\/v2\/posts"}],"about":[{"href":"https:\/\/sacramentoqr.com\/index.php?rest_route=\/wp\/v2\/types\/post"}],"author":[{"embeddable":true,"href":"https:\/\/sacramentoqr.com\/index.php?rest_route=\/wp\/v2\/users\/1"}],"replies":[{"embeddable":true,"href":"https:\/\/sacramentoqr.com\/index.php?rest_route=%2Fwp%2Fv2%2Fcomments&post=25930"}],"version-history":[{"count":1,"href":"https:\/\/sacramentoqr.com\/index.php?rest_route=\/wp\/v2\/posts\/25930\/revisions"}],"predecessor-version":[{"id":25931,"href":"https:\/\/sacramentoqr.com\/index.php?rest_route=\/wp\/v2\/posts\/25930\/revisions\/25931"}],"wp:featuredmedia":[{"embeddable":true,"href":"https:\/\/sacramentoqr.com\/index.php?rest_route=\/wp\/v2\/media\/25932"}],"wp:attachment":[{"href":"https:\/\/sacramentoqr.com\/index.php?rest_route=%2Fwp%2Fv2%2Fmedia&parent=25930"}],"wp:term":[{"taxonomy":"category","embeddable":true,"href":"https:\/\/sacramentoqr.com\/index.php?rest_route=%2Fwp%2Fv2%2Fcategories&post=25930"},{"taxonomy":"post_tag","embeddable":true,"href":"https:\/\/sacramentoqr.com\/index.php?rest_route=%2Fwp%2Fv2%2Ftags&post=25930"}],"curies":[{"name":"wp","href":"https:\/\/api.w.org\/{rel}","templated":true}]}}