{"id":25933,"date":"2024-10-18T12:03:20","date_gmt":"2024-10-18T17:03:20","guid":{"rendered":"https:\/\/sacramentoqr.com\/?p=25933"},"modified":"2024-10-18T17:03:22","modified_gmt":"2024-10-18T17:03:22","slug":"juez-senala-que-el-mayo-zambada-podria-enfrentar-la-pena-de-muerte-si-es-hallado-culpable","status":"publish","type":"post","link":"https:\/\/sacramentoqr.com\/?p=25933","title":{"rendered":"Juez se\u00f1ala que el \u201cMayo\u201d Zambada podr\u00eda enfrentar la pena de muerte si es hallado culpable"},"content":{"rendered":"<p>\ud83d\udd38 A diferencia de otros casos, esta opci\u00f3n es viable debido a su llegada irregular a EE. UU<\/p>\n<p>#INTERNACIONAL | En una breve audiencia en la corte de Brooklyn, Nueva York, el juez Bryan Cogan se\u00f1al\u00f3 la posibilidad de que Ismael \u201cEl Mayo\u201d Zambada enfrente la pena de muerte en Estados Unidos si es encontrado culpable en el juicio que se le sigue por diversos cargos relacionados con el narcotr\u00e1fico.<\/p>\n<p>Esta opci\u00f3n es viable debido a que Zambada lleg\u00f3 a Estados Unidos de manera irregular, sin ser extraditado oficialmente desde M\u00e9xico.<\/p>\n<p>El juez cit\u00f3 a una nueva audiencia para el 15 de enero en el caso de \u201cEl Mayo\u201d , quien enfrenta 17 cargos, incluidos tr\u00e1fico de drogas y empresa criminal.<\/p>\n<p>En el caso de Joaqu\u00edn \u201cEl Chapo\u201d Guzm\u00e1n, quien fue extraditado desde M\u00e9xico en 2017, la pena de muerte no fue una opci\u00f3n en su proceso.<\/p>\n<p>Esto se debe al tratado de extradici\u00f3n entre M\u00e9xico y Estados Unidos, el cual proh\u00edbe que las personas extraditadas desde M\u00e9xico enfrenten la pena capital, dado que en el pa\u00eds no se aplica dicha sentencia.<\/p>\n<p>El art\u00edculo 8 del tratado de estradici\u00f3n entre M\u00e9xico y EU, no es posible la pena de muerte, pues dice:<\/p>\n<p>\u201cCuando el delito por el cual se solicita la extradici\u00f3n sea punible con la pena de muerte conforme a las leyes de la Parte requirente y las leyes de la Parte requerida no permitan tal pena para ese delito, la extradici\u00f3n podr\u00e1 ser rehusada a menos que la Parte requirente d\u00e9 las seguridades que la Parte requerida estime suficientes de que no se impondr\u00e1 la pena de muerte o de que, si es impuesta, no ser\u00e1 ejecutada\u201d.<\/p>\n<p>Sin embargo, esta restricci\u00f3n no se aplica a quienes llegan a territorio estadounidense de forma irregular, como es el caso del \u201cMayo\u201d.<\/p>\n<p>Sigue transmisi\u00f3n en vivo de Uno TV el 5 de noviembre desde las 15:00 horas. Tenemos un programa especial con los detalles de las elecciones presidenciales en EU<br \/>\nEl caso se considera de \u201ccategor\u00eda compleja\u201d<br \/>\nPor otro lado, la fiscal\u00eda solicit\u00f3 que el caso sea clasificado como de categor\u00eda compleja, lo que afectar\u00eda los tiempos y el manejo del proceso judicial debido a la cantidad de pruebas y la gravedad de los cargos. Esta clasificaci\u00f3n ya est\u00e1 siendo considerada por el juez.<\/p>\n<p>La pr\u00f3xima audiencia el 15 de enero, tambi\u00e9n se determinar\u00e1 si Frank P\u00e9rez, abogado actual de Zambada, continuar\u00e1 con su defensa, ya que enfrenta un posible conflicto de inter\u00e9s.<\/p>\n<p>Y es que el abogado asignado es el defensor del hijo de Vicente Zambada, colaborador de la fiscal\u00eda y testigo clave en el caso contra su propio padre.<\/p>\n<p>Ante esto, la fiscal\u00eda fue cuestionada sobre si ten\u00eda previsto utilizar al hijo del \u201cMayo\u201d en el juicio contra \u201cEl Mayo\u201d. La fiscal\u00eda se disculp\u00f3 y acept\u00f3 revisar el tema.<\/p>\n","protected":false},"excerpt":{"rendered":"<p>\ud83d\udd38 A diferencia de otros casos, esta opci\u00f3n es viable debido a su llegada irregular&#8230;<\/p>\n","protected":false},"author":1,"featured_media":25935,"comment_status":"open","ping_status":"closed","sticky":false,"template":"","format":"standard","meta":{"footnotes":""},"categories":[5],"tags":[],"class_list":["post-25933","post","type-post","status-publish","format-standard","has-post-thumbnail","hentry","category-internacional"],"_links":{"self":[{"href":"https:\/\/sacramentoqr.com\/index.php?rest_route=\/wp\/v2\/posts\/25933","targetHints":{"allow":["GET"]}}],"collection":[{"href":"https:\/\/sacramentoqr.com\/index.php?rest_route=\/wp\/v2\/posts"}],"about":[{"href":"https:\/\/sacramentoqr.com\/index.php?rest_route=\/wp\/v2\/types\/post"}],"author":[{"embeddable":true,"href":"https:\/\/sacramentoqr.com\/index.php?rest_route=\/wp\/v2\/users\/1"}],"replies":[{"embeddable":true,"href":"https:\/\/sacramentoqr.com\/index.php?rest_route=%2Fwp%2Fv2%2Fcomments&post=25933"}],"version-history":[{"count":1,"href":"https:\/\/sacramentoqr.com\/index.php?rest_route=\/wp\/v2\/posts\/25933\/revisions"}],"predecessor-version":[{"id":25934,"href":"https:\/\/sacramentoqr.com\/index.php?rest_route=\/wp\/v2\/posts\/25933\/revisions\/25934"}],"wp:featuredmedia":[{"embeddable":true,"href":"https:\/\/sacramentoqr.com\/index.php?rest_route=\/wp\/v2\/media\/25935"}],"wp:attachment":[{"href":"https:\/\/sacramentoqr.com\/index.php?rest_route=%2Fwp%2Fv2%2Fmedia&parent=25933"}],"wp:term":[{"taxonomy":"category","embeddable":true,"href":"https:\/\/sacramentoqr.com\/index.php?rest_route=%2Fwp%2Fv2%2Fcategories&post=25933"},{"taxonomy":"post_tag","embeddable":true,"href":"https:\/\/sacramentoqr.com\/index.php?rest_route=%2Fwp%2Fv2%2Ftags&post=25933"}],"curies":[{"name":"wp","href":"https:\/\/api.w.org\/{rel}","templated":true}]}}