{"id":26007,"date":"2024-10-22T11:02:19","date_gmt":"2024-10-22T16:02:19","guid":{"rendered":"https:\/\/sacramentoqr.com\/?p=26007"},"modified":"2024-10-22T16:02:20","modified_gmt":"2024-10-22T16:02:20","slug":"gobierno-promete-bajar-el-precio-de-la-tortilla-en-10-y-autosuficiencia-en-maiz-y-frijol","status":"publish","type":"post","link":"https:\/\/sacramentoqr.com\/?p=26007","title":{"rendered":"Gobierno promete bajar el precio de la tortilla en 10 % y autosuficiencia en ma\u00edz y frijol"},"content":{"rendered":"<p>\ud83d\udd38 Claudia Sheinbaum anunci\u00f3 el programa \u2018Cosechando soberan\u00eda\u2019, donde se apunt\u00f3 que disminuir\u00e1 el costo del alimento mexicano por excelencia<\/p>\n<p>#NACIONAL | El nuevo Gobierno de M\u00e9xico buscar\u00e1 reducir en 10 por ciento el precio de la tortilla de ma\u00edz, producto b\u00e1sico en la dieta mexicana, y conseguir la autosuficiencia de ma\u00edz blanco no transg\u00e9nico y frijol, prometi\u00f3 el secretario de Agricultura y Desarrollo Rural, Julio Berdegu\u00e9.<\/p>\n<p>Los vamos a invitar (a los productores) a un acuerdo nacional por el ma\u00edz y la tortilla, con una meta muy ambiciosa de lograr bajar el precio de la tortilla durante el sexenio hasta un 10 % en t\u00e9rminos reales\u201d, declar\u00f3 el funcionario en la conferencia matutina de la presidenta, Claudia Sheinbaum.<\/p>\n<p>El precio promedio de un kilo de tortilla es de 23.17 pesos en tortiller\u00edas, por lo que se encareci\u00f3 un 61.7 por ciento en el sexenio del expresidente Andr\u00e9s Manuel L\u00f3pez Obrador (2018-2024), pues en diciembre de 2018 costaba 14.33 pesos, seg\u00fan el Sistema Nacional de Informaci\u00f3n e Integraci\u00f3n de Mercados.<\/p>\n<p>Para alcanzar esta meta, entre otras medidas, el Gobierno de Claudia Sheinbaum implementar\u00e1 el programa \u2018Cosechando soberan\u00eda\u2019 para elevar la producci\u00f3n de ma\u00edz, frijol, arroz, leche, sorgo, cebolla, tomate y chile.<\/p>\n<p>\u201cTenemos que producir m\u00e1s, lo central, lo principal, lo n\u00famero uno es garantizar la autosuficiencia de ma\u00edz blanco no transg\u00e9nico, que es el centro de nuestra alimentaci\u00f3n, pero adem\u00e1s es un elemento central en nuestra cultura, y la presidenta nos ha encargado alcanzar la autosuficiencia en frijol\u201d, coment\u00f3 Berdegu\u00e9.<\/p>\n<p>Como ejemplo, cit\u00f3 que M\u00e9xico consume 1 mill\u00f3n de toneladas de frijol al a\u00f1o, de las que importa cerca de 300 mil, por lo que la meta es cultivar 763 mil hect\u00e1reas con semillas certificadas de alta calidad gen\u00e9tica.<\/p>\n<p>Las semillas se producir\u00e1n en una nueva \u2018Productora de semillas del bienestar\u2019, que estar\u00e1 en Zacatecas, estado del centro-norte del pa\u00eds.<\/p>\n<p>Otro de los objetivos es aumentar la producci\u00f3n de arroz a 250 mil toneladas al a\u00f1o, con la siembra de 60.000 hect\u00e1reas con semillas de alta calidad.<\/p>\n<p>Mientras que la meta de leche es la producci\u00f3n de hasta 10 litros diarios por cada vaca.<\/p>\n<p>Para incentivar la producci\u00f3n, la Secretar\u00eda de Agricultura y Desarrollo Rural (Sader) ha identificado 1.200 municipios con pobreza donde hay peque\u00f1a y mediana agricultura comercial.<\/p>\n<p>Ah\u00ed ofrecer\u00e1n cr\u00e9ditos, apoyo a la comercializaci\u00f3n y programas sociales para incentivar la producci\u00f3n y venta.<\/p>\n<p>Tambi\u00e9n continuar\u00e1n los programas sociales que implement\u00f3 L\u00f3pez Obrador, como \u2018Producci\u00f3n para el bienestar\u2019 y \u2018Fertilizantes del bienestar\u2019, con m\u00e1s de dos millones de beneficiarios cada uno.<\/p>\n<p>Asimismo, el secretario prometi\u00f3 un plan para \u201cproducir m\u00e1s con menos impacto ambiental\u201d, al reconocer que el 75 por ciento del agua del pa\u00eds se destina a agricultura.<\/p>\n","protected":false},"excerpt":{"rendered":"<p>\ud83d\udd38 Claudia Sheinbaum anunci\u00f3 el programa \u2018Cosechando soberan\u00eda\u2019, donde se apunt\u00f3 que disminuir\u00e1 el costo&#8230;<\/p>\n","protected":false},"author":1,"featured_media":26009,"comment_status":"open","ping_status":"closed","sticky":false,"template":"","format":"standard","meta":{"footnotes":""},"categories":[7],"tags":[],"class_list":["post-26007","post","type-post","status-publish","format-standard","has-post-thumbnail","hentry","category-nacional"],"_links":{"self":[{"href":"https:\/\/sacramentoqr.com\/index.php?rest_route=\/wp\/v2\/posts\/26007","targetHints":{"allow":["GET"]}}],"collection":[{"href":"https:\/\/sacramentoqr.com\/index.php?rest_route=\/wp\/v2\/posts"}],"about":[{"href":"https:\/\/sacramentoqr.com\/index.php?rest_route=\/wp\/v2\/types\/post"}],"author":[{"embeddable":true,"href":"https:\/\/sacramentoqr.com\/index.php?rest_route=\/wp\/v2\/users\/1"}],"replies":[{"embeddable":true,"href":"https:\/\/sacramentoqr.com\/index.php?rest_route=%2Fwp%2Fv2%2Fcomments&post=26007"}],"version-history":[{"count":1,"href":"https:\/\/sacramentoqr.com\/index.php?rest_route=\/wp\/v2\/posts\/26007\/revisions"}],"predecessor-version":[{"id":26008,"href":"https:\/\/sacramentoqr.com\/index.php?rest_route=\/wp\/v2\/posts\/26007\/revisions\/26008"}],"wp:featuredmedia":[{"embeddable":true,"href":"https:\/\/sacramentoqr.com\/index.php?rest_route=\/wp\/v2\/media\/26009"}],"wp:attachment":[{"href":"https:\/\/sacramentoqr.com\/index.php?rest_route=%2Fwp%2Fv2%2Fmedia&parent=26007"}],"wp:term":[{"taxonomy":"category","embeddable":true,"href":"https:\/\/sacramentoqr.com\/index.php?rest_route=%2Fwp%2Fv2%2Fcategories&post=26007"},{"taxonomy":"post_tag","embeddable":true,"href":"https:\/\/sacramentoqr.com\/index.php?rest_route=%2Fwp%2Fv2%2Ftags&post=26007"}],"curies":[{"name":"wp","href":"https:\/\/api.w.org\/{rel}","templated":true}]}}