{"id":26010,"date":"2024-10-22T11:09:47","date_gmt":"2024-10-22T16:09:47","guid":{"rendered":"https:\/\/sacramentoqr.com\/?p=26010"},"modified":"2024-10-22T16:09:49","modified_gmt":"2024-10-22T16:09:49","slug":"ee-uu-premia-a-una-activista-mexicana-por-su-lucha-antirracista","status":"publish","type":"post","link":"https:\/\/sacramentoqr.com\/?p=26010","title":{"rendered":"EE.UU. premia a una activista mexicana por su lucha antirracista"},"content":{"rendered":"<p>\ud83d\udd38 Tanya Duarte lleva m\u00e1s de 35 a\u00f1os trabajando en apoyo a las comunidades marginadas de M\u00e9xico<\/p>\n<p>#INTERNACIONAL | El secretario de Estado de EE.UU., Antony Blinken, otorg\u00f3 el premio \u2018Global Anti-Racism Champions\u2018 a seis personas de todo el mundo por su lucha antirracista y por la promoci\u00f3n de los derechos humanos, entre ellos a una activista mexicana y una exministra de Bolivia.<\/p>\n<p>El galard\u00f3n busca reconocer a l\u00edderes de la sociedad civil por su liderazgo y compromiso con la promoci\u00f3n de la equidad racial y la justicia social, y les invita a participar en un programa de intercambio de visitantes internacionales con profesionales estadounidenses de su misma \u00e1rea, creado para dar apoyo a los objetivos de la pol\u00edtica exterior de EE.UU.<\/p>\n<p>&nbsp;<\/p>\n<p>En esta segunda edici\u00f3n, el departamento de Estado premi\u00f3 a Dintie Sule Tayiru (Ghana), John Leerdam (Pa\u00edses Bajos), Elvis Shakjiri (Macedonia del Norte) y Urmila Chaudhary (Nepal), Tanya Duarte (M\u00e9xico) y Tomasa Yarhui Jacom\u00e9 (Bolivia).<\/p>\n<p>La ceremonia de entrega cont\u00f3 como anfitriones con el secretario de Estado Blinken y la delegada especial de equidad racial y justicia del departamento, Desir\u00e9e Cormier Smith.<\/p>\n<p>Blinken lament\u00f3 que \u201cdemasiadas personas en todo el mundo, siguen sufriendo discriminaci\u00f3n y violencia\u201d y, aunque alab\u00f3 el compromiso del presidente del pa\u00eds, Joe Biden, con la equidad social, reconoci\u00f3 que a\u00fan queda trabajo por hacer.<\/p>\n<p>\u201cSeguimos esforz\u00e1ndonos por hacer realidad la confianza y la verdad consagradas en la Declaraci\u00f3n Universal de Derechos Humanos de que todos los seres humanos nacen libres e iguales en dignidad y derechos\u201d, afirm\u00f3.<\/p>\n<p>La delegada, por su parte, asegur\u00f3 que gracias al compromiso de los premiados, el mundo es \u201cm\u00e1s seguro y pac\u00edfico\u201d para todos.<\/p>\n<p>Primera ministra ind\u00edgena de Bolivia<br \/>\nTomasa Yarhui Jacom\u00e9, quien en 2002 se convirti\u00f3 en la primera mujer ind\u00edgena en ser ministra de Bolivia, celebr\u00f3 el reconocimiento como un logro colectivo de todas las mujeres ind\u00edgenas.<\/p>\n<p>\u201cSignifica mucho para las mujeres ind\u00edgenas, porque sufrimos mucha exclusi\u00f3n y tenemos que romper muchas barreras para ser escuchadas\u201d, explic\u00f3 en una entrevista con EFE.<\/p>\n<p>La ind\u00edgena quechua, que lleg\u00f3 a dirigir el ministerio de Asuntos Campesinos y Pueblos Ind\u00edgenas y Originarios de Bolivia, decidi\u00f3 trabajar por los derechos de las personas ind\u00edgenas despu\u00e9s de sufrir el racismo y la exclusi\u00f3n en sus propias carnes cuando era peque\u00f1a.<\/p>\n<p>\u201cFui de una de las primeras ni\u00f1as que sali\u00f3 de mi pueblo a la ciudad para poder estudiar, pero lamentablemente no pude soportar la discriminaci\u00f3n por ser una ni\u00f1a ind\u00edgena y volv\u00ed a las filas del sindicalismo y me empec\u00e9 a empoderar\u201d, record\u00f3.<\/p>\n<p>Asimismo, denunci\u00f3 que los pueblos ind\u00edgenas son los que menos contaminan y los que se llevan \u201cla peor parte de la contaminaci\u00f3n\u201d, otra de las luchas que abandera.<\/p>\n<p>\u201cLos pueblos ind\u00edgenas estamos elevando nuestra voz para que le den una mirada y un alto a la contaminaci\u00f3n y que le den una mirada con pol\u00edticas p\u00fablicas hacia nuestro sector\u201d, apunt\u00f3.<\/p>\n<p>Activista afromexicana<br \/>\nOtra de las premiadas, Tanya Duarte, cont\u00f3 a EFE que fue \u201cuna sorpresa\u201d recibir el reconocimiento, pues, ella \u201cno era consciente\u201d de que su trabajo se conoc\u00eda fuera de su pa\u00eds.<\/p>\n<p>Duarte es una feminista afromexicana y una activista antirracista que lleva m\u00e1s de 35 a\u00f1os trabajando en apoyo a las comunidades marginadas de M\u00e9xico y que cofund\u00f3 el Congreso de Afromexicanidad.<\/p>\n<p>La activista lamenta que los afrodescendientes no est\u00e1n ni siquiera \u201cincluidos\u201d en la Constituci\u00f3n de su pa\u00eds de manera adecuada.<\/p>\n<p>\u201cLa gran mayor\u00eda de la gente en M\u00e9xico sigue ignorando su afrodescendencia por completo. Hay una deuda hist\u00f3rica, un blanqueamiento de la historia que contin\u00faa hasta el d\u00eda de hoy. Hay un genocidio intelectual\u201d, denunci\u00f3.<\/p>\n<p>Dijo no tener esperanzas en que el Gobierno de la nueva presidenta de M\u00e9xico, Claudia Sheinbaum, vaya a avanzar en el problema.<\/p>\n<p>Con una mirada en las pr\u00f3ximas elecciones de Estados Unidos, donde se enfrentan dos modelos pr\u00e1cticamente opuestos, al menos en su \u00e1rea, conf\u00eda en que la gente \u201ctome la mejor decisi\u00f3n\u201d.<\/p>\n<p>\u201cQuiero pensar que ser\u00e1 la se\u00f1ora (Kamala Harris), no solamente por lo que ella representa, sino porque ser\u00eda una cat\u00e1strofe a nivel mundial que fuera lo contrario\u201d, confes\u00f3.<\/p>\n","protected":false},"excerpt":{"rendered":"<p>\ud83d\udd38 Tanya Duarte lleva m\u00e1s de 35 a\u00f1os trabajando en apoyo a las comunidades marginadas&#8230;<\/p>\n","protected":false},"author":1,"featured_media":26012,"comment_status":"open","ping_status":"closed","sticky":false,"template":"","format":"standard","meta":{"footnotes":""},"categories":[5],"tags":[],"class_list":["post-26010","post","type-post","status-publish","format-standard","has-post-thumbnail","hentry","category-internacional"],"_links":{"self":[{"href":"https:\/\/sacramentoqr.com\/index.php?rest_route=\/wp\/v2\/posts\/26010","targetHints":{"allow":["GET"]}}],"collection":[{"href":"https:\/\/sacramentoqr.com\/index.php?rest_route=\/wp\/v2\/posts"}],"about":[{"href":"https:\/\/sacramentoqr.com\/index.php?rest_route=\/wp\/v2\/types\/post"}],"author":[{"embeddable":true,"href":"https:\/\/sacramentoqr.com\/index.php?rest_route=\/wp\/v2\/users\/1"}],"replies":[{"embeddable":true,"href":"https:\/\/sacramentoqr.com\/index.php?rest_route=%2Fwp%2Fv2%2Fcomments&post=26010"}],"version-history":[{"count":1,"href":"https:\/\/sacramentoqr.com\/index.php?rest_route=\/wp\/v2\/posts\/26010\/revisions"}],"predecessor-version":[{"id":26011,"href":"https:\/\/sacramentoqr.com\/index.php?rest_route=\/wp\/v2\/posts\/26010\/revisions\/26011"}],"wp:featuredmedia":[{"embeddable":true,"href":"https:\/\/sacramentoqr.com\/index.php?rest_route=\/wp\/v2\/media\/26012"}],"wp:attachment":[{"href":"https:\/\/sacramentoqr.com\/index.php?rest_route=%2Fwp%2Fv2%2Fmedia&parent=26010"}],"wp:term":[{"taxonomy":"category","embeddable":true,"href":"https:\/\/sacramentoqr.com\/index.php?rest_route=%2Fwp%2Fv2%2Fcategories&post=26010"},{"taxonomy":"post_tag","embeddable":true,"href":"https:\/\/sacramentoqr.com\/index.php?rest_route=%2Fwp%2Fv2%2Ftags&post=26010"}],"curies":[{"name":"wp","href":"https:\/\/api.w.org\/{rel}","templated":true}]}}