{"id":26047,"date":"2024-10-24T11:23:36","date_gmt":"2024-10-24T16:23:36","guid":{"rendered":"https:\/\/sacramentoqr.com\/?p=26047"},"modified":"2024-10-24T16:23:37","modified_gmt":"2024-10-24T16:23:37","slug":"fernando-valenzuela-y-la-playera-que-dejo-en-claro-su-aficion-a-las-chivas","status":"publish","type":"post","link":"https:\/\/sacramentoqr.com\/?p=26047","title":{"rendered":"Fernando Valenzuela y la playera que dej\u00f3 en claro su afici\u00f3n a las Chivas"},"content":{"rendered":"<p>\ud83d\udd38 El fallecido pelotero mexicano dej\u00f3 un momento para la posteridad para aclarar su afici\u00f3n el Reba\u00f1o<\/p>\n<p>#DEPORTES | El pasado martes Fernando Valenzuela, m\u00edtico pelotero mexicano de Los Angeles Dodgers, falleci\u00f3 a los 63 a\u00f1os de edad despu\u00e9s de estar internado en el hospital durante sus \u00faltimos d\u00edas.<\/p>\n<p>&#8216;El Toro&#8217; dej\u00f3 un momento para la posteridad cuando, en una sesi\u00f3n de fotos, el pelotero mexicano us\u00f3 una playera con la leyenda &#8216;Soy Chiva y qu\u00e9&#8217;, dejando en claro su afici\u00f3n por el equipo de &#8216;La Perla Tapat\u00eda&#8217;.<\/p>\n<p>Muchos a\u00f1os despu\u00e9s, cuando la Major League Soccer junto a Javier &#8216;Chicharito&#8217; Hern\u00e1ndez y a Carlos Vela, ambos jugadores posaron con la franela de Los Angeles Dodgers.<\/p>\n<p>El equipo angelino recibi\u00f3 la noticia del fallecimiento de Valenzuela en la previa al arranque de la Serie Mundial, donde jugar\u00e1n ante los New York Yankees.<\/p>\n<p><img loading=\"lazy\" decoding=\"async\" class=\"alignnone size-medium wp-image-52312\" src=\"https:\/\/sacramentoqr.com\/wp-content\/uploads\/2024\/10\/WhatsApp-Image-2024-10-24-at-11.21.09.jpeg\" alt=\"\" width=\"209\" height=\"300\" \/><\/p>\n","protected":false},"excerpt":{"rendered":"<p>\ud83d\udd38 El fallecido pelotero mexicano dej\u00f3 un momento para la posteridad para aclarar su afici\u00f3n&#8230;<\/p>\n","protected":false},"author":1,"featured_media":26049,"comment_status":"open","ping_status":"closed","sticky":false,"template":"","format":"standard","meta":{"footnotes":""},"categories":[3],"tags":[],"class_list":["post-26047","post","type-post","status-publish","format-standard","has-post-thumbnail","hentry","category-deportes"],"_links":{"self":[{"href":"https:\/\/sacramentoqr.com\/index.php?rest_route=\/wp\/v2\/posts\/26047","targetHints":{"allow":["GET"]}}],"collection":[{"href":"https:\/\/sacramentoqr.com\/index.php?rest_route=\/wp\/v2\/posts"}],"about":[{"href":"https:\/\/sacramentoqr.com\/index.php?rest_route=\/wp\/v2\/types\/post"}],"author":[{"embeddable":true,"href":"https:\/\/sacramentoqr.com\/index.php?rest_route=\/wp\/v2\/users\/1"}],"replies":[{"embeddable":true,"href":"https:\/\/sacramentoqr.com\/index.php?rest_route=%2Fwp%2Fv2%2Fcomments&post=26047"}],"version-history":[{"count":1,"href":"https:\/\/sacramentoqr.com\/index.php?rest_route=\/wp\/v2\/posts\/26047\/revisions"}],"predecessor-version":[{"id":26048,"href":"https:\/\/sacramentoqr.com\/index.php?rest_route=\/wp\/v2\/posts\/26047\/revisions\/26048"}],"wp:featuredmedia":[{"embeddable":true,"href":"https:\/\/sacramentoqr.com\/index.php?rest_route=\/wp\/v2\/media\/26049"}],"wp:attachment":[{"href":"https:\/\/sacramentoqr.com\/index.php?rest_route=%2Fwp%2Fv2%2Fmedia&parent=26047"}],"wp:term":[{"taxonomy":"category","embeddable":true,"href":"https:\/\/sacramentoqr.com\/index.php?rest_route=%2Fwp%2Fv2%2Fcategories&post=26047"},{"taxonomy":"post_tag","embeddable":true,"href":"https:\/\/sacramentoqr.com\/index.php?rest_route=%2Fwp%2Fv2%2Ftags&post=26047"}],"curies":[{"name":"wp","href":"https:\/\/api.w.org\/{rel}","templated":true}]}}