{"id":26086,"date":"2024-10-26T15:35:26","date_gmt":"2024-10-26T20:35:26","guid":{"rendered":"https:\/\/sacramentoqr.com\/?p=26086"},"modified":"2024-10-27T05:38:29","modified_gmt":"2024-10-27T05:38:29","slug":"alejandro-fernandez-homenajea-el-legado-musical-de-su-padre-en-la-plaza-de-toros-mexico","status":"publish","type":"post","link":"https:\/\/sacramentoqr.com\/?p=26086","title":{"rendered":"Alejandro Fern\u00e1ndez homenajea el legado musical de su padre en la Plaza de Toros M\u00e9xico"},"content":{"rendered":"<p>\ud83d\udd38 Con un repertorio de m\u00e1s de 30 canciones, Alejandro Fern\u00e1ndez ofreci\u00f3 la primera de dos fechas que tendr\u00e1 en el popular recinto de Ciudad de M\u00e9xico.<\/p>\n<p>#ESPECT\u00c1CULOS | Media hora despu\u00e9s de las 21:00 horas ya se mov\u00eda \u2018la ola\u2019 (coordinada hasta con luces de celular) entre el p\u00fablico y los chiflidos de impaciencia armonizaban alrededor de la Plaza de Toros M\u00e9xico, todo en protesta para que iniciara el primer concierto del tour \u201cDe Rey a Rey\u201d de Alejandro Fern\u00e1ndez.<\/p>\n<p>Cuando se atenuaron las luces y unas pisadas comenzaron a sonar por las bocinas, anunciando la aparici\u00f3n de Alejandro Fern\u00e1ndez con sombrero en mano, traje negro con detalles dorados y el bigote bien marcado, Alejandro Fern\u00e1ndez salud\u00f3 a una Plaza de Toros, M\u00e9xico completamente llena y comenz\u00f3 con \u201cNo me s\u00e9 rajar\u201d, canci\u00f3n enigm\u00e1tica de la cual hizo una versi\u00f3n propia que ayer public\u00f3 en todas las plataformas.<\/p>\n<p>Un medley de \u201cVoy a navegar\u201d y \u201cLas llaves de mi alma\u201d levant\u00f3 a la audiencia, que tambi\u00e9n disfrut\u00f3 de cada nota de \u201cMi ranchito\u201d. Sin embargo, fue con \u201cEstos celos\u201d, uno de los grandes \u00e9xitos de Vicente Fern\u00e1ndez, con la que el p\u00fablico realmente se puso a cantar. Alejandro abord\u00f3 el tema con su cadencia particular, pero tambi\u00e9n con ligeros gui\u00f1os al estilo de su padre.<\/p>\n<p>\u201c\u00a1Muy buenas noches, M\u00e9xico!\u201d, dijo el cantante. \u201cDe verdad, esta es una de las noches m\u00e1s importantes y especiales de mi vida. Tengo un coraz\u00f3n que est\u00e1 a punto de salir de m\u00ed\u2026 Lo dije hace unos d\u00edas, pero tuve la suerte de nacer con dos grandes bendiciones: la primera, nacer mexicano, y la segunda, nacer Fern\u00e1ndez\u201d.<\/p>\n<p>\u201cHoy vamos a celebrar la vida del gran \u2018charro de M\u00e9xico\u2019 como a \u00e9l le hubiera gustado, cantando sus canciones. \u00a1Viva Vicente Fern\u00e1ndez! \u00a1Viva la m\u00fasica y el tequila! \u00a1Viva M\u00e9xico!\u201d, declar\u00f3 con fuerza, sonriendo ante los \u201c\u00a1Viva!\u201d que el p\u00fablico vitore\u00f3 en respuesta.<\/p>\n<p>Durante este concierto tan especial se cantaron melod\u00edas que son parte del alma de cada mexicano; \u201cQue te vaya bonito\u201d, \u201cPor tu maldito amor\u201d, \u201cBohemio de afici\u00f3n\u201d y \u201cEn defensa propia\u201d formaron parte del primer bloque del repertorio, canciones que todo el recinto, asistentes, camar\u00f3grafos y hasta trabajadores cantaban con sentimiento.<\/p>\n<p>Al momento de cantar \u201cHermoso cari\u00f1o\u201d, Alejandro mir\u00f3 hacia la zona donde se encontraba su familia y sin voltear la cara cant\u00f3 la primera estrofa de la canci\u00f3n. M\u00e1s adelante interpret\u00f3 \u201cUn mill\u00f3n de primaveras\u201d con la premisa de ser una de sus canciones favoritas. \u201cDe un rancho a otro\u201d, \u201cLa derrota\u201d, \u201cL\u00e1stima que seas ajena\u201d, \u201cEl cantador\u201d y \u201cMe voy a quitar de en medio\u201d tambi\u00e9n sonaron hacia la mitad de su presentaci\u00f3n.<\/p>\n<p>\u201cEl legado de Vicente Fern\u00e1ndez es nuestro patrimonio. Gracias por el amor a mi padre y por el amor que me tienen a m\u00ed\u201d, dijo Alejandro Fern\u00e1ndez.<\/p>\n","protected":false},"excerpt":{"rendered":"<p>\ud83d\udd38 Con un repertorio de m\u00e1s de 30 canciones, Alejandro Fern\u00e1ndez ofreci\u00f3 la primera de&#8230;<\/p>\n","protected":false},"author":1,"featured_media":26088,"comment_status":"open","ping_status":"closed","sticky":false,"template":"","format":"standard","meta":{"footnotes":""},"categories":[4],"tags":[],"class_list":["post-26086","post","type-post","status-publish","format-standard","has-post-thumbnail","hentry","category-espectaculos"],"_links":{"self":[{"href":"https:\/\/sacramentoqr.com\/index.php?rest_route=\/wp\/v2\/posts\/26086","targetHints":{"allow":["GET"]}}],"collection":[{"href":"https:\/\/sacramentoqr.com\/index.php?rest_route=\/wp\/v2\/posts"}],"about":[{"href":"https:\/\/sacramentoqr.com\/index.php?rest_route=\/wp\/v2\/types\/post"}],"author":[{"embeddable":true,"href":"https:\/\/sacramentoqr.com\/index.php?rest_route=\/wp\/v2\/users\/1"}],"replies":[{"embeddable":true,"href":"https:\/\/sacramentoqr.com\/index.php?rest_route=%2Fwp%2Fv2%2Fcomments&post=26086"}],"version-history":[{"count":1,"href":"https:\/\/sacramentoqr.com\/index.php?rest_route=\/wp\/v2\/posts\/26086\/revisions"}],"predecessor-version":[{"id":26087,"href":"https:\/\/sacramentoqr.com\/index.php?rest_route=\/wp\/v2\/posts\/26086\/revisions\/26087"}],"wp:featuredmedia":[{"embeddable":true,"href":"https:\/\/sacramentoqr.com\/index.php?rest_route=\/wp\/v2\/media\/26088"}],"wp:attachment":[{"href":"https:\/\/sacramentoqr.com\/index.php?rest_route=%2Fwp%2Fv2%2Fmedia&parent=26086"}],"wp:term":[{"taxonomy":"category","embeddable":true,"href":"https:\/\/sacramentoqr.com\/index.php?rest_route=%2Fwp%2Fv2%2Fcategories&post=26086"},{"taxonomy":"post_tag","embeddable":true,"href":"https:\/\/sacramentoqr.com\/index.php?rest_route=%2Fwp%2Fv2%2Ftags&post=26086"}],"curies":[{"name":"wp","href":"https:\/\/api.w.org\/{rel}","templated":true}]}}