{"id":26095,"date":"2024-10-28T10:47:41","date_gmt":"2024-10-28T15:47:41","guid":{"rendered":"https:\/\/sacramentoqr.com\/?p=26095"},"modified":"2024-10-28T15:47:43","modified_gmt":"2024-10-28T15:47:43","slug":"el-palacio-de-bellas-artes-premiado-por-la-academia-de-artes-escenicas-espanola","status":"publish","type":"post","link":"https:\/\/sacramentoqr.com\/?p=26095","title":{"rendered":"El Palacio de Bellas Artes, premiado por la Academia de Artes Esc\u00e9nicas espa\u00f1ola"},"content":{"rendered":"<p>\ud83d\udd38 El recinto recibir\u00e1 una de las siete medallas de oro otorgadas este a\u00f1o por la organizaci\u00f3n espa\u00f1ola, en honor a su excelencia y relevancia en las artes durante nueve d\u00e9cadas<\/p>\n<p>#CULTURA | La Academia de Artes Esc\u00e9nicas de Espa\u00f1a concedi\u00f3 una de sus medallas de oro al Palacio de Bellas Artes de la Ciudad de M\u00e9xico, levantado sobre el antiguo edificio del Teatro Nacional y que, tras noventa a\u00f1os, mantiene una programaci\u00f3n de teatro, ballet, danza y \u00f3pera de reconocido prestigio.<\/p>\n<p>Es una de las siete medallas de oro que entregar\u00e1 la academia espa\u00f1ola el pr\u00f3ximo 4 de noviembre en Valladolid durante la ceremonia anual de reconocimiento de la excelencia y dignidad de instituciones, creadores y artistas vinculados a las artes esc\u00e9nicas, informaron este lunes fuentes de la organizaci\u00f3n.<\/p>\n<p>Adem\u00e1s del Palacio de Bellas Artes de Ciudad de M\u00e9xico, recibir\u00e1n el mismo galard\u00f3n el Festival Iberoamericano del Siglo de Oro de la regi\u00f3n de Madrid y los teatros Romea y Calder\u00f3n, con m\u00e1s de siglo y medio de vida en las ciudades espa\u00f1olas de Barcelona y Valladolid, respectivamente.<\/p>\n<p>Impulsado en M\u00e1laga por el actor y productor Antonio Banderas, el Teatro Soho tambi\u00e9n recibir\u00e1 una medalla de oro por su trayectoria como centro de producci\u00f3n, formaci\u00f3n y difusi\u00f3n de las artes esc\u00e9nicas; al igual que el Teatro Palacio Vald\u00e9s de Avil\u00e9s; y la compa\u00f1\u00eda La Zaranda, de Jerez de la Frontera, tambi\u00e9n en Espa\u00f1a.<\/p>\n<p>&nbsp;<\/p>\n","protected":false},"excerpt":{"rendered":"<p>\ud83d\udd38 El recinto recibir\u00e1 una de las siete medallas de oro otorgadas este a\u00f1o por&#8230;<\/p>\n","protected":false},"author":1,"featured_media":26097,"comment_status":"open","ping_status":"closed","sticky":false,"template":"","format":"standard","meta":{"footnotes":""},"categories":[24],"tags":[],"class_list":["post-26095","post","type-post","status-publish","format-standard","has-post-thumbnail","hentry","category-cultura"],"_links":{"self":[{"href":"https:\/\/sacramentoqr.com\/index.php?rest_route=\/wp\/v2\/posts\/26095","targetHints":{"allow":["GET"]}}],"collection":[{"href":"https:\/\/sacramentoqr.com\/index.php?rest_route=\/wp\/v2\/posts"}],"about":[{"href":"https:\/\/sacramentoqr.com\/index.php?rest_route=\/wp\/v2\/types\/post"}],"author":[{"embeddable":true,"href":"https:\/\/sacramentoqr.com\/index.php?rest_route=\/wp\/v2\/users\/1"}],"replies":[{"embeddable":true,"href":"https:\/\/sacramentoqr.com\/index.php?rest_route=%2Fwp%2Fv2%2Fcomments&post=26095"}],"version-history":[{"count":1,"href":"https:\/\/sacramentoqr.com\/index.php?rest_route=\/wp\/v2\/posts\/26095\/revisions"}],"predecessor-version":[{"id":26096,"href":"https:\/\/sacramentoqr.com\/index.php?rest_route=\/wp\/v2\/posts\/26095\/revisions\/26096"}],"wp:featuredmedia":[{"embeddable":true,"href":"https:\/\/sacramentoqr.com\/index.php?rest_route=\/wp\/v2\/media\/26097"}],"wp:attachment":[{"href":"https:\/\/sacramentoqr.com\/index.php?rest_route=%2Fwp%2Fv2%2Fmedia&parent=26095"}],"wp:term":[{"taxonomy":"category","embeddable":true,"href":"https:\/\/sacramentoqr.com\/index.php?rest_route=%2Fwp%2Fv2%2Fcategories&post=26095"},{"taxonomy":"post_tag","embeddable":true,"href":"https:\/\/sacramentoqr.com\/index.php?rest_route=%2Fwp%2Fv2%2Ftags&post=26095"}],"curies":[{"name":"wp","href":"https:\/\/api.w.org\/{rel}","templated":true}]}}