{"id":26127,"date":"2024-10-29T11:15:38","date_gmt":"2024-10-29T16:15:38","guid":{"rendered":"https:\/\/sacramentoqr.com\/?p=26127"},"modified":"2024-10-29T16:15:40","modified_gmt":"2024-10-29T16:15:40","slug":"milagroso-escape-de-santa-fe-klan-tras-accidente","status":"publish","type":"post","link":"https:\/\/sacramentoqr.com\/?p=26127","title":{"rendered":"Milagroso escape de Santa Fe Klan tras accidente"},"content":{"rendered":"<p>\ud83d\udd38 El cantante se preparaba para hacer un recorrido en turib\u00fas por la capital de Guanajuato<\/p>\n<p>#ESPECT\u00c1CULOS | El hiphopero mexicano Santa Fe Klan se salv\u00f3 de aut\u00e9ntico milagro, luego de que el cami\u00f3n en el que estaba abordo con varios de sus colaboradores y amigos se accident\u00f3, quedando todo grabado en video que ya se hizo viral en redes sociales.<\/p>\n<p>Con motivo del D\u00eda de San Judas Tadeo, que se celebra cada d\u00eda 28 de octubre, el cantante program\u00f3 un concierto gratis junto al grupo Los Acosta en la Plaza de Toros de Guanajuato, el estado que lo vio nacer.<\/p>\n<p>Sin embargo, previo a la presentaci\u00f3n, Santa Fe Klan ten\u00eda la intenci\u00f3n de hacer un recorrido en turib\u00fas por las calles de Guanajuato capital, por ello contrat\u00f3 un cami\u00f3n en el que \u00e9l ir\u00eda a bordo con varios de sus colaboradores y amigos, sin embargo, de pronto la pesada unidad sufri\u00f3 un accidente que pudo terminar en tragedia.<\/p>\n<p>Y es que mientras el cami\u00f3n estaba estacionado en una pendiente, ya con Santa Fe Klan a bordo, por accidente se desactiv\u00f3 el freno de mano, lo que provoc\u00f3 que el turib\u00fas se fuera en reversa y tomando velocidad hasta que se impact\u00f3 contra la fachada de una casa y otro veh\u00edculo estacionado, deteniendo as\u00ed su marcha.<\/p>\n<p>La escena, que qued\u00f3 grabada en video, provoc\u00f3 preocupaci\u00f3n entre el equipo y los seguidores de Santa Fe Klan, aunque por fortuna el rapero sali\u00f3 ileso, as\u00ed como sus acompa\u00f1antes.<\/p>\n<p>\u201cGracias, San Juditas por salvarme\u201d, public\u00f3 Santa Fe Klan en redes sociales para posteriormente ofrecer, sin ning\u00fan contratiempo, el concierto que ya ten\u00eda programado con Los Acosta en la Plaza de Toros del estado.<\/p>\n","protected":false},"excerpt":{"rendered":"<p>\ud83d\udd38 El cantante se preparaba para hacer un recorrido en turib\u00fas por la capital de&#8230;<\/p>\n","protected":false},"author":1,"featured_media":26129,"comment_status":"open","ping_status":"closed","sticky":false,"template":"","format":"standard","meta":{"footnotes":""},"categories":[4],"tags":[],"class_list":["post-26127","post","type-post","status-publish","format-standard","has-post-thumbnail","hentry","category-espectaculos"],"_links":{"self":[{"href":"https:\/\/sacramentoqr.com\/index.php?rest_route=\/wp\/v2\/posts\/26127","targetHints":{"allow":["GET"]}}],"collection":[{"href":"https:\/\/sacramentoqr.com\/index.php?rest_route=\/wp\/v2\/posts"}],"about":[{"href":"https:\/\/sacramentoqr.com\/index.php?rest_route=\/wp\/v2\/types\/post"}],"author":[{"embeddable":true,"href":"https:\/\/sacramentoqr.com\/index.php?rest_route=\/wp\/v2\/users\/1"}],"replies":[{"embeddable":true,"href":"https:\/\/sacramentoqr.com\/index.php?rest_route=%2Fwp%2Fv2%2Fcomments&post=26127"}],"version-history":[{"count":1,"href":"https:\/\/sacramentoqr.com\/index.php?rest_route=\/wp\/v2\/posts\/26127\/revisions"}],"predecessor-version":[{"id":26128,"href":"https:\/\/sacramentoqr.com\/index.php?rest_route=\/wp\/v2\/posts\/26127\/revisions\/26128"}],"wp:featuredmedia":[{"embeddable":true,"href":"https:\/\/sacramentoqr.com\/index.php?rest_route=\/wp\/v2\/media\/26129"}],"wp:attachment":[{"href":"https:\/\/sacramentoqr.com\/index.php?rest_route=%2Fwp%2Fv2%2Fmedia&parent=26127"}],"wp:term":[{"taxonomy":"category","embeddable":true,"href":"https:\/\/sacramentoqr.com\/index.php?rest_route=%2Fwp%2Fv2%2Fcategories&post=26127"},{"taxonomy":"post_tag","embeddable":true,"href":"https:\/\/sacramentoqr.com\/index.php?rest_route=%2Fwp%2Fv2%2Ftags&post=26127"}],"curies":[{"name":"wp","href":"https:\/\/api.w.org\/{rel}","templated":true}]}}