{"id":26295,"date":"2024-11-06T11:17:05","date_gmt":"2024-11-06T16:17:05","guid":{"rendered":"https:\/\/sacramentoqr.com\/?p=26295"},"modified":"2024-11-06T16:17:06","modified_gmt":"2024-11-06T16:17:06","slug":"por-ti-volare-la-historia-detras-de-la-famosa-cancion-de-andrea-bocelli","status":"publish","type":"post","link":"https:\/\/sacramentoqr.com\/?p=26295","title":{"rendered":"&#8216;Por ti volar\u00e9&#8217;: la historia detr\u00e1s de la famosa canci\u00f3n de Andrea Bocelli"},"content":{"rendered":"<p>\ud83d\udd38 El tenor regresa a Bogot\u00e1 con un concierto el 21 de febrero de 2025 en el estadio El Camp\u00edn, celebrando sus 30 a\u00f1os de trayectoria con el \u00e1lbum Duets, que incluye colaboraciones con artistas como C\u00e9line Dion y Karol G<\/p>\n<p>#ESPECT\u00c1CULOS | Andrea Bocelli, el c\u00e9lebre tenor italiano, anunci\u00f3 su regreso a los escenarios para ofrecer un concierto el pr\u00f3ximo 21 de febrero de 2025 en el estadio El Camp\u00edn, en Bogot\u00e1, Colombia.<\/p>\n<p>Duets es el nuevo \u00e1lbum de Andrea Bocelli, una colecci\u00f3n que re\u00fane sus canciones m\u00e1s queridas junto con nuevas colaboraciones para celebrar su 30 aniversario en la industria musical. Este \u00e1lbum sali\u00f3 a la venta el 25 de octubre bajo el sello Decca Records\/Sugar Music.<\/p>\n<p>Entre los artistas invitados al \u00e1lbum se encuentran grandes nombres como C\u00e9line Dion, Ed Sheeran, Karol G, Sof\u00eda Carson, Dua Lipa, Jennifer Lopez, Sarah Brightman, Giorgia y Luciano Pavarotti, entre otras talentosas voces.<\/p>\n<p>Aunque Andrea Bocelli ha ganado gran fama a nivel internacional por su insuperable voz en la \u00f3pera, m\u00fasica cl\u00e1sica y rom\u00e1ntica, as\u00ed como por los premios que ha recibido a lo largo de su trayectoria, existe una canci\u00f3n que se consagr\u00f3 como una de sus m\u00e1s famosas: \u2018Por ti volar\u00e9\u2019.<\/p>\n<p>La canci\u00f3n \u2018Por ti volar\u00e9\u2019 es una de las piezas m\u00e1s ic\u00f3nicas de Andrea Bocelli. Compuesta por Francesco Sartori y Lucio Quarantotto en 1995, esta balada tiene ra\u00edces profundas en el anhelo y la despedida, evocando el dolor y la esperanza de los que se separan.<\/p>\n<p>Andrea Bocelli interpret\u00f3 la canci\u00f3n en el Festival de San Remo el mismo a\u00f1o que la lanz\u00f3; posteriormente, fue incluida en su segundo \u00e1lbum llamado Bocelli, convirti\u00e9ndola en uno de sus \u00e9xitos m\u00e1s grandes a nivel mundial.<\/p>\n<p>Esta canci\u00f3n fue escrita para capturar el sentimiento de una separaci\u00f3n inminente entre dos amantes. La letra describe el deseo de estar junto al ser amado a pesar de la distancia y las dificultades, superando los obst\u00e1culos para reunirse con quien se ama.<\/p>\n<p>Por ti volar\u00e9 reson\u00f3 en todo el mundo, convirti\u00e9ndose en una de las canciones m\u00e1s queridas de Bocelli. Su adaptaci\u00f3n en ingl\u00e9s y la colaboraci\u00f3n con Sarah Brightman a d\u00fao (Time to Say Goodbye) reafirmaron su \u00e9xito. Hasta ahora, la canci\u00f3n de Bocelli sigue siendo un himno de amor.<\/p>\n<p>Entre los grandes \u00e9xitos de Andrea Bocelli destacan interpretaciones como Vivo por ella, Fall on Me, Romanza, Ave Mar\u00eda, B\u00e9same mucho y Canto de la Tierra, entre otras grandes interpretaciones.<\/p>\n<p>Sin duda, Andrea Bocelli ha marcado un antes y un despu\u00e9s dentro de la industria musical, combinando \u00f3pera, pop y canciones en m\u00faltiples idiomas, trascendiendo g\u00e9neros y culturas.<\/p>\n<p>&nbsp;<\/p>\n<p>&nbsp;<\/p>\n","protected":false},"excerpt":{"rendered":"<p>\ud83d\udd38 El tenor regresa a Bogot\u00e1 con un concierto el 21 de febrero de 2025&#8230;<\/p>\n","protected":false},"author":1,"featured_media":26297,"comment_status":"open","ping_status":"closed","sticky":false,"template":"","format":"standard","meta":{"footnotes":""},"categories":[4],"tags":[],"class_list":["post-26295","post","type-post","status-publish","format-standard","has-post-thumbnail","hentry","category-espectaculos"],"_links":{"self":[{"href":"https:\/\/sacramentoqr.com\/index.php?rest_route=\/wp\/v2\/posts\/26295","targetHints":{"allow":["GET"]}}],"collection":[{"href":"https:\/\/sacramentoqr.com\/index.php?rest_route=\/wp\/v2\/posts"}],"about":[{"href":"https:\/\/sacramentoqr.com\/index.php?rest_route=\/wp\/v2\/types\/post"}],"author":[{"embeddable":true,"href":"https:\/\/sacramentoqr.com\/index.php?rest_route=\/wp\/v2\/users\/1"}],"replies":[{"embeddable":true,"href":"https:\/\/sacramentoqr.com\/index.php?rest_route=%2Fwp%2Fv2%2Fcomments&post=26295"}],"version-history":[{"count":1,"href":"https:\/\/sacramentoqr.com\/index.php?rest_route=\/wp\/v2\/posts\/26295\/revisions"}],"predecessor-version":[{"id":26296,"href":"https:\/\/sacramentoqr.com\/index.php?rest_route=\/wp\/v2\/posts\/26295\/revisions\/26296"}],"wp:featuredmedia":[{"embeddable":true,"href":"https:\/\/sacramentoqr.com\/index.php?rest_route=\/wp\/v2\/media\/26297"}],"wp:attachment":[{"href":"https:\/\/sacramentoqr.com\/index.php?rest_route=%2Fwp%2Fv2%2Fmedia&parent=26295"}],"wp:term":[{"taxonomy":"category","embeddable":true,"href":"https:\/\/sacramentoqr.com\/index.php?rest_route=%2Fwp%2Fv2%2Fcategories&post=26295"},{"taxonomy":"post_tag","embeddable":true,"href":"https:\/\/sacramentoqr.com\/index.php?rest_route=%2Fwp%2Fv2%2Ftags&post=26295"}],"curies":[{"name":"wp","href":"https:\/\/api.w.org\/{rel}","templated":true}]}}