{"id":26305,"date":"2024-11-06T11:31:48","date_gmt":"2024-11-06T16:31:48","guid":{"rendered":"https:\/\/sacramentoqr.com\/?p=26305"},"modified":"2024-11-06T16:31:49","modified_gmt":"2024-11-06T16:31:49","slug":"se-pone-en-marcha-el-centro-de-resguardo-forense-de-michoacan","status":"publish","type":"post","link":"https:\/\/sacramentoqr.com\/?p=26305","title":{"rendered":"Se pone en marcha el Centro de Resguardo Forense de Michoac\u00e1n"},"content":{"rendered":"<p>\ud83d\udd38 Este nuevo centro representa un avance significativo en la atenci\u00f3n a la problem\u00e1tica de personas desaparecidas en la regi\u00f3n.<\/p>\n<p>#MICHOAC\u00c1N | Como parte del compromiso de brindar un trato digno y mejorar los esfuerzos de b\u00fasqueda e identificaci\u00f3n de personas, la Fiscal\u00eda General del Estado de Michoac\u00e1n, a trav\u00e9s de su titular, Adri\u00e1n L\u00f3pez Sol\u00eds, recibi\u00f3 el Centro de Resguardo Forense de Michoac\u00e1n. Este nuevo espacio, representa un avance significativo en la atenci\u00f3n de la problem\u00e1tica de personas desaparecidas en la regi\u00f3n.<\/p>\n<p>Durante la ceremonia protocolaria, presidida por el Gobernador del Estado de Michoac\u00e1n, Alfredo Ram\u00edrez Bedolla, L\u00f3pez Sol\u00eds destac\u00f3 el esfuerzo conjunto de la Comisi\u00f3n Nacional de B\u00fasqueda de Personas y la Comisi\u00f3n de B\u00fasqueda de Personas del Estado de Michoac\u00e1n, para la construcci\u00f3n de esta infraestructura impulsada por la Fiscal\u00eda y apoyada por los gobiernos federal y estatal.<\/p>\n<p>\u201cEn 2019, identificamos la necesidad de contar con un espacio adecuado para el resguardo de restos humanos no identificados, lo que en ese entonces denominamos \u201cPante\u00f3n Forense\u201d. Hoy, con la apertura de este Centro de Resguardo Forense, damos un paso importante para enfrentar el problema de la desaparici\u00f3n de personas y garantizar un tratamiento digno de los restos humanos,\u201d afirm\u00f3 el Fiscal.<\/p>\n<p>En este sentido, tambi\u00e9n resalt\u00f3 la labor de los colectivos de b\u00fasqueda como aliados fundamentales en esta tarea.<\/p>\n<p>En presencia de Jos\u00e9 Mu\u00f1oz G\u00f3mez, director general del Centro Nacional de Identificaci\u00f3n Humana, y en representaci\u00f3n de la titular de la Comisi\u00f3n Nacional de B\u00fasqueda, Ram\u00edrez Bedolla mencion\u00f3 que el Centro de Resguardo Forense de la Fiscal\u00eda General del Estado, fortalecer\u00e1 la labor de identificaci\u00f3n de personas desparecidas y de sus familias.<\/p>\n<p>El jefe del Ejecutivo, reiter\u00f3 la disposici\u00f3n de su administraci\u00f3n para seguir trabajando de manera coordinada en acciones que permitan la atenci\u00f3n debida en los casos de desaparici\u00f3n de personas.<\/p>\n<p>Adem\u00e1s de alentar la creaci\u00f3n de este Centro, la Fiscal\u00eda General ha implementado diversas acciones a trav\u00e9s de la Fiscal\u00eda Especializada para la Investigaci\u00f3n y Persecuci\u00f3n de los Delitos de Desaparici\u00f3n Forzada de Personas y Desaparici\u00f3n Cometida por Particulares y la Coordinaci\u00f3n de Servicios Periciales.<\/p>\n","protected":false},"excerpt":{"rendered":"<p>\ud83d\udd38 Este nuevo centro representa un avance significativo en la atenci\u00f3n a la problem\u00e1tica de&#8230;<\/p>\n","protected":false},"author":1,"featured_media":26307,"comment_status":"open","ping_status":"closed","sticky":false,"template":"","format":"standard","meta":{"footnotes":""},"categories":[29],"tags":[],"class_list":["post-26305","post","type-post","status-publish","format-standard","has-post-thumbnail","hentry","category-michoacan"],"_links":{"self":[{"href":"https:\/\/sacramentoqr.com\/index.php?rest_route=\/wp\/v2\/posts\/26305","targetHints":{"allow":["GET"]}}],"collection":[{"href":"https:\/\/sacramentoqr.com\/index.php?rest_route=\/wp\/v2\/posts"}],"about":[{"href":"https:\/\/sacramentoqr.com\/index.php?rest_route=\/wp\/v2\/types\/post"}],"author":[{"embeddable":true,"href":"https:\/\/sacramentoqr.com\/index.php?rest_route=\/wp\/v2\/users\/1"}],"replies":[{"embeddable":true,"href":"https:\/\/sacramentoqr.com\/index.php?rest_route=%2Fwp%2Fv2%2Fcomments&post=26305"}],"version-history":[{"count":1,"href":"https:\/\/sacramentoqr.com\/index.php?rest_route=\/wp\/v2\/posts\/26305\/revisions"}],"predecessor-version":[{"id":26306,"href":"https:\/\/sacramentoqr.com\/index.php?rest_route=\/wp\/v2\/posts\/26305\/revisions\/26306"}],"wp:featuredmedia":[{"embeddable":true,"href":"https:\/\/sacramentoqr.com\/index.php?rest_route=\/wp\/v2\/media\/26307"}],"wp:attachment":[{"href":"https:\/\/sacramentoqr.com\/index.php?rest_route=%2Fwp%2Fv2%2Fmedia&parent=26305"}],"wp:term":[{"taxonomy":"category","embeddable":true,"href":"https:\/\/sacramentoqr.com\/index.php?rest_route=%2Fwp%2Fv2%2Fcategories&post=26305"},{"taxonomy":"post_tag","embeddable":true,"href":"https:\/\/sacramentoqr.com\/index.php?rest_route=%2Fwp%2Fv2%2Ftags&post=26305"}],"curies":[{"name":"wp","href":"https:\/\/api.w.org\/{rel}","templated":true}]}}