{"id":26308,"date":"2024-11-06T12:05:42","date_gmt":"2024-11-06T17:05:42","guid":{"rendered":"https:\/\/sacramentoqr.com\/?p=26308"},"modified":"2024-11-06T17:05:43","modified_gmt":"2024-11-06T17:05:43","slug":"grupo-criminal-robo-seis-gondolas-cargadas-de-oro-y-otros-minerales-de-una-mina-en-zacatecas","status":"publish","type":"post","link":"https:\/\/sacramentoqr.com\/?p=26308","title":{"rendered":"Grupo criminal rob\u00f3 seis g\u00f3ndolas cargadas de oro y otros minerales de una mina en Zacatecas"},"content":{"rendered":"<p>\ud83d\udd38 Los hechos habr\u00edan ocurrido el pasado fin de semana y se mont\u00f3 un fuerte operativo por parte de la Guardia Nacional<\/p>\n<p>#NACIONAL | Un grupo criminal estar\u00eda detr\u00e1s del robo de seis g\u00f3ndolas o contenedores cargados de oro y otros minerales que fueron extra\u00eddos de una mina a cielo abierto en el municipio de Mazapil, Zacatecas.<\/p>\n<p>De acuerdo con el general Juan Manr\u00edquez Morena, coordinador de la Guardia Nacional, asegur\u00f3 que tras recibir el reporte del hurto de la mina propiedad de la trasnacional Newmont, ubicada sobre la carretera Zacatecas-Saltillo, se recuperaron los tractocamiones.<\/p>\n<p>El general asegur\u00f3 que la recuperaci\u00f3n de estas unidades pesadas se hizo con los operadores y los dos conductores que iban a bordo de dos veh\u00edculos compactos que eran la seguridad privada de las g\u00f3ndolas robadas.<\/p>\n<p>\u201cEn un lapso m\u00e1s o menos de una hora a partir de que nos fue notificada la informaci\u00f3n de la sustracci\u00f3n del mineral es cuando se dio el dispositivo de un despliegue fuerte, pero no pudimos recuperar las g\u00f3ndolas, porque al parecer hubo otros tractocamiones que pudieron engancharlas y pudieron sustraerse del \u00e1rea\u201d, dijo Manr\u00edquez Morena durante la conferencia de prensa de la Mesa Estatal de Construcci\u00f3n de Paz.<\/p>\n<p>Cabe se\u00f1alar que en la g\u00f3ndolas robadas ten\u00edan un peso mayor a las 200 toneladas y en las cuales tambi\u00e9n iban minerales como plata, zinc y cobre.<\/p>\n<p>De acuerdo con autoridades federales, en Zacatecas se tiene identificado que el C\u00e1rtel de Sinaloa, C\u00e1rtel Jalisco Nueva Generaci\u00f3n, C\u00e1rtel del Golfo y c\u00e9lulas de Los Zetas operan en la entidad gobernada por el morenista David Monreal.<\/p>\n<p>Pertenecen al CJNG los implicados en el asesinato del director de la Polic\u00eda de Villanueva<br \/>\nLas fuerzas de seguridad detuvieron a cuatro individuos presuntamente vinculados al C\u00e1rtel Jalisco Nueva Generaci\u00f3n (CJNG), quienes habr\u00edan participado en el asesinato del director de la Polic\u00eda Municipal de Villanueva, Zacatecas. Seg\u00fan las autoridades, los detenidos admitieron su pertenencia a un grupo delictivo y su implicaci\u00f3n en el ataque.<br \/>\nLa Mesa Estatal de Construcci\u00f3n de Paz inform\u00f3 que las detenciones se llevaron a cabo el lunes 4 de octubre, cuando las autoridades lograron vincular a los capturados con el CJNG. Entre los detenidos se encuentran Nancy G., de 24 a\u00f1os, Alonso V. y Pablo Cano G., ambos de 18 a\u00f1os, todos originarios de Jalisco. Adem\u00e1s, se arrest\u00f3 a un menor de 17 a\u00f1os, oriundo de Villanueva, quien tambi\u00e9n estar\u00eda relacionado con el grupo criminal.<\/p>\n<p>El ataque en Villanueva result\u00f3 en la muerte de un oficial de polic\u00eda y la neutralizaci\u00f3n de un delincuente, identificado como el segundo al mando de los sicarios en la regi\u00f3n. Las autoridades contin\u00faan con labores de inteligencia para localizar al l\u00edder de la plaza, con la intenci\u00f3n de capturarlo o forzarlo a abandonar el \u00e1rea.<\/p>\n","protected":false},"excerpt":{"rendered":"<p>\ud83d\udd38 Los hechos habr\u00edan ocurrido el pasado fin de semana y se mont\u00f3 un fuerte&#8230;<\/p>\n","protected":false},"author":1,"featured_media":26310,"comment_status":"open","ping_status":"closed","sticky":false,"template":"","format":"standard","meta":{"footnotes":""},"categories":[7],"tags":[],"class_list":["post-26308","post","type-post","status-publish","format-standard","has-post-thumbnail","hentry","category-nacional"],"_links":{"self":[{"href":"https:\/\/sacramentoqr.com\/index.php?rest_route=\/wp\/v2\/posts\/26308","targetHints":{"allow":["GET"]}}],"collection":[{"href":"https:\/\/sacramentoqr.com\/index.php?rest_route=\/wp\/v2\/posts"}],"about":[{"href":"https:\/\/sacramentoqr.com\/index.php?rest_route=\/wp\/v2\/types\/post"}],"author":[{"embeddable":true,"href":"https:\/\/sacramentoqr.com\/index.php?rest_route=\/wp\/v2\/users\/1"}],"replies":[{"embeddable":true,"href":"https:\/\/sacramentoqr.com\/index.php?rest_route=%2Fwp%2Fv2%2Fcomments&post=26308"}],"version-history":[{"count":1,"href":"https:\/\/sacramentoqr.com\/index.php?rest_route=\/wp\/v2\/posts\/26308\/revisions"}],"predecessor-version":[{"id":26309,"href":"https:\/\/sacramentoqr.com\/index.php?rest_route=\/wp\/v2\/posts\/26308\/revisions\/26309"}],"wp:featuredmedia":[{"embeddable":true,"href":"https:\/\/sacramentoqr.com\/index.php?rest_route=\/wp\/v2\/media\/26310"}],"wp:attachment":[{"href":"https:\/\/sacramentoqr.com\/index.php?rest_route=%2Fwp%2Fv2%2Fmedia&parent=26308"}],"wp:term":[{"taxonomy":"category","embeddable":true,"href":"https:\/\/sacramentoqr.com\/index.php?rest_route=%2Fwp%2Fv2%2Fcategories&post=26308"},{"taxonomy":"post_tag","embeddable":true,"href":"https:\/\/sacramentoqr.com\/index.php?rest_route=%2Fwp%2Fv2%2Ftags&post=26308"}],"curies":[{"name":"wp","href":"https:\/\/api.w.org\/{rel}","templated":true}]}}