{"id":26328,"date":"2024-11-07T11:35:52","date_gmt":"2024-11-07T16:35:52","guid":{"rendered":"https:\/\/sacramentoqr.com\/?p=26328"},"modified":"2024-11-07T16:35:53","modified_gmt":"2024-11-07T16:35:53","slug":"alex-perez-secretario-general-de-morena-en-queretaro-se-reune-con-ernestina-godoy-consejera-juridica-de-la-presidencia","status":"publish","type":"post","link":"https:\/\/sacramentoqr.com\/?p=26328","title":{"rendered":"Alex P\u00e9rez, Secretario General de Morena en Quer\u00e9taro, se re\u00fane con Ernestina Godoy, Consejera Jur\u00eddica de la Presidencia"},"content":{"rendered":"<p>\ud83d\udd38 El encuentro tambi\u00e9n fue una oportunidad para dialogar sobre los retos y las expectativas que Morena tiene para los pr\u00f3ximos a\u00f1os, tanto a nivel local como nacional<\/p>\n<p>#QU\u00c9RETARO | El secretario general del Movimiento Regeneraci\u00f3n Nacional (Morena) en Quer\u00e9taro, Alex P\u00e9rez, sostuvo una reuni\u00f3n con la destacada jurista mexicana Ernestina Godoy, quien actualmente es Consejera Jur\u00eddica de la presidenta Claudia Sheinbaum.<\/p>\n<p>En un ambiente de cordialidad y di\u00e1logo, P\u00e9rez destac\u00f3 la importancia de este encuentro, resaltando la trayectoria y la vasta experiencia de Godoy para la construcci\u00f3n del marco legal que respalda el proyecto pol\u00edtico de la pr\u00f3xima administraci\u00f3n federal.<\/p>\n<p>\u201cEs un honor poder platicar con una mujer tan comprometida con la justicia y el bienestar de la ciudadan\u00eda, como lo es Ernestina Godoy. Su experiencia es invaluable para la consolidaci\u00f3n de un M\u00e9xico m\u00e1s justo y equitativo. Estamos seguros de que su trabajo en el equipo de Claudia Sheinbaum fortalecer\u00e1 a\u00fan m\u00e1s el proyecto de transformaci\u00f3n que representa Morena\u201d, expres\u00f3 Alex P\u00e9rez al t\u00e9rmino de la reuni\u00f3n.<\/p>\n<p>El evento tambi\u00e9n fue una oportunidad para dialogar sobre los retos y las expectativas que Morena tiene para los pr\u00f3ximos a\u00f1os, tanto a nivel local como nacional, especialmente con la mirada puesta en las pr\u00f3ximas elecciones y en el fortalecimiento de su estructura organizativa.<\/p>\n","protected":false},"excerpt":{"rendered":"<p>\ud83d\udd38 El encuentro tambi\u00e9n fue una oportunidad para dialogar sobre los retos y las expectativas&#8230;<\/p>\n","protected":false},"author":1,"featured_media":26330,"comment_status":"open","ping_status":"closed","sticky":false,"template":"","format":"standard","meta":{"footnotes":""},"categories":[18],"tags":[],"class_list":["post-26328","post","type-post","status-publish","format-standard","has-post-thumbnail","hentry","category-queretaro"],"_links":{"self":[{"href":"https:\/\/sacramentoqr.com\/index.php?rest_route=\/wp\/v2\/posts\/26328","targetHints":{"allow":["GET"]}}],"collection":[{"href":"https:\/\/sacramentoqr.com\/index.php?rest_route=\/wp\/v2\/posts"}],"about":[{"href":"https:\/\/sacramentoqr.com\/index.php?rest_route=\/wp\/v2\/types\/post"}],"author":[{"embeddable":true,"href":"https:\/\/sacramentoqr.com\/index.php?rest_route=\/wp\/v2\/users\/1"}],"replies":[{"embeddable":true,"href":"https:\/\/sacramentoqr.com\/index.php?rest_route=%2Fwp%2Fv2%2Fcomments&post=26328"}],"version-history":[{"count":1,"href":"https:\/\/sacramentoqr.com\/index.php?rest_route=\/wp\/v2\/posts\/26328\/revisions"}],"predecessor-version":[{"id":26329,"href":"https:\/\/sacramentoqr.com\/index.php?rest_route=\/wp\/v2\/posts\/26328\/revisions\/26329"}],"wp:featuredmedia":[{"embeddable":true,"href":"https:\/\/sacramentoqr.com\/index.php?rest_route=\/wp\/v2\/media\/26330"}],"wp:attachment":[{"href":"https:\/\/sacramentoqr.com\/index.php?rest_route=%2Fwp%2Fv2%2Fmedia&parent=26328"}],"wp:term":[{"taxonomy":"category","embeddable":true,"href":"https:\/\/sacramentoqr.com\/index.php?rest_route=%2Fwp%2Fv2%2Fcategories&post=26328"},{"taxonomy":"post_tag","embeddable":true,"href":"https:\/\/sacramentoqr.com\/index.php?rest_route=%2Fwp%2Fv2%2Ftags&post=26328"}],"curies":[{"name":"wp","href":"https:\/\/api.w.org\/{rel}","templated":true}]}}