{"id":26383,"date":"2024-11-11T10:45:25","date_gmt":"2024-11-11T15:45:25","guid":{"rendered":"https:\/\/sacramentoqr.com\/?p=26383"},"modified":"2024-11-11T15:45:27","modified_gmt":"2024-11-11T15:45:27","slug":"morena-exige-al-ine-bajar-el-presupuesto-solicitado-para-la-eleccion-de-jueces-y-magistrados","status":"publish","type":"post","link":"https:\/\/sacramentoqr.com\/?p=26383","title":{"rendered":"Morena exige al INE bajar el presupuesto solicitado para la elecci\u00f3n de jueces y magistrados"},"content":{"rendered":"<p>\ud83d\udd38 La presidenta del partido oficialista llam\u00f3 al \u00f3rgano electoral a unirse a las pol\u00edticas de austeridad<\/p>\n<p>La dirigente nacional del partido Movimiento de Regeneraci\u00f3n Nacional (Morena), Luisa Mar\u00eda Alcalde, exigi\u00f3 al Instituto Nacional Electoral (INE) bajar el presupuesto que el \u00f3rgano electoral solicit\u00f3 para la pr\u00f3xima elecci\u00f3n de jueves y magistrados, se\u00f1alando que esta es una estrategia para frenar este proceso.<\/p>\n<p>Durante una asamblea con militantes que encabez\u00f3 este viernes en Manzanillo, Colima, Alcalde cuestion\u00f3 la cantidad solicitada por el INE para llevar a cabo estas elecciones, las cuales se catalogan como las m\u00e1s caras en la historia mexicana.<\/p>\n<p>\u201c\u00bfApoco creen que necesita m\u00e1s dinero que la elecci\u00f3n presidencial para hacer la elecci\u00f3n de jueces, magistrados y ministros? \u00bfNo se tratar\u00e1 nuevamente de una estrategia para detener la reforma?\u201d indic\u00f3 la ex secretaria de gobernaci\u00f3n durante su discurso. Luego de enfatizar que hab\u00edan superado la \u201cresistencia\u201d presentada por los ministros de la Suprema Corte de la Naci\u00f3n (SCJN), que ganan \u201ccasi medio mill\u00f3n de pesos\u201d, dijo que el INE representaba un nuevo reto.<\/p>\n<p>\u201cAhora que ya superamos lo de la corte d\u00e9jenme decirles que hay una nueva, ahora viene el INE, \u00bfQu\u00e9 est\u00e1 planteando el INE? pues que necesita 13 mil millones de pesos para hacer la elecci\u00f3n. Si con 10 mil millones se hizo la presidencial el a\u00f1o pasado, \u00bfa poco creen que necesitan m\u00e1s dinero que la elecci\u00f3n presidencial para hacer la elecci\u00f3n de jueces, magistrados y ministros? \u00bfno se tratar\u00e1 nuevamente de una estrategia para detener la reforma?\u201d se\u00f1al\u00f3 la actual presidenta del partido oficialista.<\/p>\n<p>Del mismo modo, puntualiz\u00f3 que parece impensable que el INE solicitara dicha cantidad de dinero, pues en estas elecciones no habr\u00e1 recursos para partidos pol\u00edticos<\/p>\n<p>\u201cNo se ha enterado que ya estamos en la \u00e9poca de la austeridad, pero por eso tambi\u00e9n le pedimos al INE aqu\u00ed desde Colima que revise bien sus cuentas y que ojal\u00e1 y haya esa conciencia de la importancia no solo de la austeridad sino del ejercicio democr\u00e1tico que habremos de tener.<\/p>\n<p>El pasado primero de noviembre, la junta General Ejecutiva del Instituto Nacional Electoral aprob\u00f3 solicitar un presupuesto de 13 mil 205 millones de pesos para la elecci\u00f3n judicial de 2025.<\/p>\n<p>De acuerdo con el proyecto, se contempla designar aproximadamente 6 mil 83 millones de pesos para la Direcci\u00f3n de Capacitaci\u00f3n y Educaci\u00f3n C\u00edvica y pago de personal, que equivale al 52 por ciento del total del presupuesto aprobado; 4 mil 522 millones de pesos para la Direcci\u00f3n de Organizaci\u00f3n Electoral, y mil 124 millones para materiales y suministros, as\u00ed como para la Direcci\u00f3n de Administraci\u00f3n.<\/p>\n","protected":false},"excerpt":{"rendered":"<p>\ud83d\udd38 La presidenta del partido oficialista llam\u00f3 al \u00f3rgano electoral a unirse a las pol\u00edticas&#8230;<\/p>\n","protected":false},"author":1,"featured_media":26385,"comment_status":"open","ping_status":"closed","sticky":false,"template":"","format":"standard","meta":{"footnotes":""},"categories":[7],"tags":[],"class_list":["post-26383","post","type-post","status-publish","format-standard","has-post-thumbnail","hentry","category-nacional"],"_links":{"self":[{"href":"https:\/\/sacramentoqr.com\/index.php?rest_route=\/wp\/v2\/posts\/26383","targetHints":{"allow":["GET"]}}],"collection":[{"href":"https:\/\/sacramentoqr.com\/index.php?rest_route=\/wp\/v2\/posts"}],"about":[{"href":"https:\/\/sacramentoqr.com\/index.php?rest_route=\/wp\/v2\/types\/post"}],"author":[{"embeddable":true,"href":"https:\/\/sacramentoqr.com\/index.php?rest_route=\/wp\/v2\/users\/1"}],"replies":[{"embeddable":true,"href":"https:\/\/sacramentoqr.com\/index.php?rest_route=%2Fwp%2Fv2%2Fcomments&post=26383"}],"version-history":[{"count":1,"href":"https:\/\/sacramentoqr.com\/index.php?rest_route=\/wp\/v2\/posts\/26383\/revisions"}],"predecessor-version":[{"id":26384,"href":"https:\/\/sacramentoqr.com\/index.php?rest_route=\/wp\/v2\/posts\/26383\/revisions\/26384"}],"wp:featuredmedia":[{"embeddable":true,"href":"https:\/\/sacramentoqr.com\/index.php?rest_route=\/wp\/v2\/media\/26385"}],"wp:attachment":[{"href":"https:\/\/sacramentoqr.com\/index.php?rest_route=%2Fwp%2Fv2%2Fmedia&parent=26383"}],"wp:term":[{"taxonomy":"category","embeddable":true,"href":"https:\/\/sacramentoqr.com\/index.php?rest_route=%2Fwp%2Fv2%2Fcategories&post=26383"},{"taxonomy":"post_tag","embeddable":true,"href":"https:\/\/sacramentoqr.com\/index.php?rest_route=%2Fwp%2Fv2%2Ftags&post=26383"}],"curies":[{"name":"wp","href":"https:\/\/api.w.org\/{rel}","templated":true}]}}