{"id":26457,"date":"2024-11-12T10:41:35","date_gmt":"2024-11-12T15:41:35","guid":{"rendered":"https:\/\/sacramentoqr.com\/?p=26457"},"modified":"2024-11-12T15:41:36","modified_gmt":"2024-11-12T15:41:36","slug":"hace-erupcion-volcan-de-lodo-en-colombia","status":"publish","type":"post","link":"https:\/\/sacramentoqr.com\/?p=26457","title":{"rendered":"Hace erupci\u00f3n volc\u00e1n de lodo en Colombia"},"content":{"rendered":"<p>\ud83d\udd38 Por fortuna los primeros reportes de las autoridades descartan que haya v\u00edctimas fatales<\/p>\n<p>#INTERNACIONAL | Un volc\u00e1n de lodo entr\u00f3 en actividad el lunes en el noroeste de Colombia sin dejar v\u00edctimas fatales, en una zona donde habitan al menos un centenar de familias, informaron autoridades.<\/p>\n<p>El Servicio Geol\u00f3gico Colombiano se\u00f1al\u00f3 que sus t\u00e9cnicos se desplazar\u00e1n al lugar para confirmar si se trata de erupciones en este tipo de volcanes, en los que hay grandes cantidades de gas, agua y materiales arcillosos que pueden ser expulsados a la superficie.<\/p>\n<p>La emergencia fue reportada en un \u00e1rea rural del municipio de Turbo, en el departamento de Antioquia, en donde hay al menos cinco volcanes de lodo, seg\u00fan un registro p\u00fablico de la autoridad ambiental local. El servicio geol\u00f3gico indic\u00f3 que la actividad se registr\u00f3 en el volc\u00e1n Los Aburridos, que ya \u201chab\u00eda hecho erupci\u00f3n hace diez a\u00f1os con poca afectaci\u00f3n\u201d.<\/p>\n<p>El alcalde de Turbo, Alejandro Abuchar, difundi\u00f3 en la red social X un video que mostraba el volc\u00e1n en actividad, con lo que parec\u00eda ser una llamarada acompa\u00f1ada de una columna de humo, en el corregimiento San Jos\u00e9 de Mulatos.<\/p>\n<p>\u201cHoy gracias a Dios no hay hechos que lamentar, pero esta erupci\u00f3n del volc\u00e1n del corregimiento de San Jos\u00e9 de Mulatos en Turbo merece la debida atenci\u00f3n por parte de los expertos\u201d, afirm\u00f3 Abuchar.<\/p>\n<p>La erupci\u00f3n del volc\u00e1n de lodo no caus\u00f3 v\u00edctimas fatales, seg\u00fan el primer reporte preliminar brindado por el gobernador de Antioquia, Andr\u00e9s Juli\u00e1n Rend\u00f3n. Sin embargo, el funcionario se\u00f1al\u00f3 que 109 familias resultaron afectadas \u2014la mayor\u00eda ind\u00edgenas y campesinas, las cuales viven cerca de la orilla de una carretera que no est\u00e1 en funcionamiento\u2014, al parecer por material que habr\u00eda generado el evento natural.<\/p>\n","protected":false},"excerpt":{"rendered":"<p>\ud83d\udd38 Por fortuna los primeros reportes de las autoridades descartan que haya v\u00edctimas fatales #INTERNACIONAL&#8230;<\/p>\n","protected":false},"author":1,"featured_media":26459,"comment_status":"open","ping_status":"closed","sticky":false,"template":"","format":"standard","meta":{"footnotes":""},"categories":[5],"tags":[],"class_list":["post-26457","post","type-post","status-publish","format-standard","has-post-thumbnail","hentry","category-internacional"],"_links":{"self":[{"href":"https:\/\/sacramentoqr.com\/index.php?rest_route=\/wp\/v2\/posts\/26457","targetHints":{"allow":["GET"]}}],"collection":[{"href":"https:\/\/sacramentoqr.com\/index.php?rest_route=\/wp\/v2\/posts"}],"about":[{"href":"https:\/\/sacramentoqr.com\/index.php?rest_route=\/wp\/v2\/types\/post"}],"author":[{"embeddable":true,"href":"https:\/\/sacramentoqr.com\/index.php?rest_route=\/wp\/v2\/users\/1"}],"replies":[{"embeddable":true,"href":"https:\/\/sacramentoqr.com\/index.php?rest_route=%2Fwp%2Fv2%2Fcomments&post=26457"}],"version-history":[{"count":1,"href":"https:\/\/sacramentoqr.com\/index.php?rest_route=\/wp\/v2\/posts\/26457\/revisions"}],"predecessor-version":[{"id":26458,"href":"https:\/\/sacramentoqr.com\/index.php?rest_route=\/wp\/v2\/posts\/26457\/revisions\/26458"}],"wp:featuredmedia":[{"embeddable":true,"href":"https:\/\/sacramentoqr.com\/index.php?rest_route=\/wp\/v2\/media\/26459"}],"wp:attachment":[{"href":"https:\/\/sacramentoqr.com\/index.php?rest_route=%2Fwp%2Fv2%2Fmedia&parent=26457"}],"wp:term":[{"taxonomy":"category","embeddable":true,"href":"https:\/\/sacramentoqr.com\/index.php?rest_route=%2Fwp%2Fv2%2Fcategories&post=26457"},{"taxonomy":"post_tag","embeddable":true,"href":"https:\/\/sacramentoqr.com\/index.php?rest_route=%2Fwp%2Fv2%2Ftags&post=26457"}],"curies":[{"name":"wp","href":"https:\/\/api.w.org\/{rel}","templated":true}]}}