{"id":26460,"date":"2024-11-12T10:43:45","date_gmt":"2024-11-12T15:43:45","guid":{"rendered":"https:\/\/sacramentoqr.com\/?p=26460"},"modified":"2024-11-12T15:43:46","modified_gmt":"2024-11-12T15:43:46","slug":"berenice-hernandez-calderon-comprometida-con-la-mejora-de-la-infraestructura-escolar-en-tlahuac","status":"publish","type":"post","link":"https:\/\/sacramentoqr.com\/?p=26460","title":{"rendered":"Berenice Hern\u00e1ndez Calder\u00f3n, comprometida con la mejora de la infraestructura escolar en Tl\u00e1huac"},"content":{"rendered":"<p>\ud83d\udd38 La edil visit\u00f3 dos escuelas en San Nicol\u00e1s Tetelco para atender las necesidades educativas y mejorar las condiciones de los estudiantes<\/p>\n<p>#CDMX | La alcaldesa de Tl\u00e1huac, Berenice Hern\u00e1ndez Calder\u00f3n, destac\u00f3 su compromiso con la mejora de las condiciones educativas en el territorio que gobierna, al visitar las escuelas Primaria Roberto Medell\u00edn y Secundaria T\u00e9cnica 102, ubicadas en el pueblo de San Nicol\u00e1s Tetelco. Esta visita form\u00f3 parte de la \u2018Gran Jornada de Bienestar\u2019, un esfuerzo del gobierno local para acercar servicios y atenci\u00f3n a las comunidades de la alcald\u00eda.<\/p>\n<p>Durante su recorrido, la edil estuvo acompa\u00f1ada por su equipo de trabajo y mantuvo un di\u00e1logo directo con los directores de las instituciones educativas, as\u00ed como con madres y padres de familia. En estas reuniones, se abordaron las principales necesidades de las escuelas, especialmente en lo que respecta a la infraestructura y las condiciones de seguridad para los estudiantes.<\/p>\n<p>\u201cEs fundamental que nuestras escuelas sean dignas y seguras para las y los estudiantes. En nuestra administraci\u00f3n estamos comprometidos con mejorar las condiciones de las casas de estudio, para que nuestros ni\u00f1os y j\u00f3venes tengan un entorno propicio para su desarrollo y aprendizaje\u201d, afirm\u00f3 la alcaldesa.<\/p>\n<p>En este sentido, Berenice Hern\u00e1ndez destac\u00f3 que, dentro de las posibilidades de la alcald\u00eda, se brindar\u00e1 apoyo para atender las necesidades m\u00e1s urgentes de las escuelas. Sin embargo, tambi\u00e9n subray\u00f3 la importancia de que las instancias federales y estatales encargadas de la educaci\u00f3n se involucren de manera m\u00e1s activa en la mejora de la infraestructura educativa, a fin de garantizar un entorno de calidad para la comunidad estudiantil.<\/p>\n<p>La alcaldesa enfatiz\u00f3 que la educaci\u00f3n es un pilar fundamental para el futuro de Tl\u00e1huac y de M\u00e9xico, y que las y los j\u00f3venes son la base para construir una sociedad m\u00e1s justa, pr\u00f3spera y digna. \u201cNuestro objetivo es que nuestras ni\u00f1as, ni\u00f1os y adolescentes tengan mejores oportunidades de desarrollo, porque ellos son los que construir\u00e1n el futuro del pa\u00eds\u201d, concluy\u00f3 Hern\u00e1ndez Calder\u00f3n.<\/p>\n<p>Esta jornada de bienestar no solo se centr\u00f3 en las escuelas, sino tambi\u00e9n en otros aspectos que contribuyen al bienestar general de la poblaci\u00f3n, reforzando el compromiso de la alcald\u00eda con el mejoramiento integral de la comunidad.<\/p>\n","protected":false},"excerpt":{"rendered":"<p>\ud83d\udd38 La edil visit\u00f3 dos escuelas en San Nicol\u00e1s Tetelco para atender las necesidades educativas&#8230;<\/p>\n","protected":false},"author":1,"featured_media":26462,"comment_status":"open","ping_status":"closed","sticky":false,"template":"","format":"standard","meta":{"footnotes":""},"categories":[17],"tags":[],"class_list":["post-26460","post","type-post","status-publish","format-standard","has-post-thumbnail","hentry","category-cdmx"],"_links":{"self":[{"href":"https:\/\/sacramentoqr.com\/index.php?rest_route=\/wp\/v2\/posts\/26460","targetHints":{"allow":["GET"]}}],"collection":[{"href":"https:\/\/sacramentoqr.com\/index.php?rest_route=\/wp\/v2\/posts"}],"about":[{"href":"https:\/\/sacramentoqr.com\/index.php?rest_route=\/wp\/v2\/types\/post"}],"author":[{"embeddable":true,"href":"https:\/\/sacramentoqr.com\/index.php?rest_route=\/wp\/v2\/users\/1"}],"replies":[{"embeddable":true,"href":"https:\/\/sacramentoqr.com\/index.php?rest_route=%2Fwp%2Fv2%2Fcomments&post=26460"}],"version-history":[{"count":1,"href":"https:\/\/sacramentoqr.com\/index.php?rest_route=\/wp\/v2\/posts\/26460\/revisions"}],"predecessor-version":[{"id":26461,"href":"https:\/\/sacramentoqr.com\/index.php?rest_route=\/wp\/v2\/posts\/26460\/revisions\/26461"}],"wp:featuredmedia":[{"embeddable":true,"href":"https:\/\/sacramentoqr.com\/index.php?rest_route=\/wp\/v2\/media\/26462"}],"wp:attachment":[{"href":"https:\/\/sacramentoqr.com\/index.php?rest_route=%2Fwp%2Fv2%2Fmedia&parent=26460"}],"wp:term":[{"taxonomy":"category","embeddable":true,"href":"https:\/\/sacramentoqr.com\/index.php?rest_route=%2Fwp%2Fv2%2Fcategories&post=26460"},{"taxonomy":"post_tag","embeddable":true,"href":"https:\/\/sacramentoqr.com\/index.php?rest_route=%2Fwp%2Fv2%2Ftags&post=26460"}],"curies":[{"name":"wp","href":"https:\/\/api.w.org\/{rel}","templated":true}]}}