{"id":26463,"date":"2024-11-12T10:46:12","date_gmt":"2024-11-12T15:46:12","guid":{"rendered":"https:\/\/sacramentoqr.com\/?p=26463"},"modified":"2024-11-12T15:46:13","modified_gmt":"2024-11-12T15:46:13","slug":"ricardo-monreal-dialoga-con-omar-garcia-harfuch-para-fortalecer-las-estrategias-de-seguridad-en-mexico","status":"publish","type":"post","link":"https:\/\/sacramentoqr.com\/?p=26463","title":{"rendered":"Ricardo Monreal dialoga con Omar Garc\u00eda Harfuch para fortalecer las estrategias de seguridad en M\u00e9xico"},"content":{"rendered":"<p>\ud83d\udd38 El coordinador parlamentario de Morena en la C\u00e1mara de Diputados destac\u00f3 la importancia de un intercambio directo y constructivo para abordar el complejo reto de la seguridad p\u00fablica en el pa\u00eds<\/p>\n<p>#CDMX | Ricardo Monreal, coordinador parlamentario de Morena en la C\u00e1mara de Diputados, sostuvo un encuentro con el secretario de Seguridad y Protecci\u00f3n Ciudadana, Omar Garc\u00eda Harfuch, en el marco de un proceso de di\u00e1logo entre los legisladores y el Poder Ejecutivo federal para abordar la creciente crisis de inseguridad en M\u00e9xico.<\/p>\n<p>El encuentro, descrito por Monreal como \u00abfranco y profundo\u00bb, permiti\u00f3 a los grupos parlamentarios presentar sus preocupaciones y planteamientos sobre la situaci\u00f3n de seguridad, mientras que Garc\u00eda Harfuch ofreci\u00f3 respuestas claras y fundamentadas sobre las estrategias implementadas por el gobierno federal para enfrentar la violencia en diversas regiones del pa\u00eds.<\/p>\n<p>\u201cLa seguridad p\u00fablica y la paz son fundamentales para el bienestar de la naci\u00f3n. Este tipo de reuniones nos permiten tener un intercambio libre y abierto sobre los desaf\u00edos que enfrentamos, y confiamos en que se encontrar\u00e1n soluciones a este complejo reto\u201d, destac\u00f3 Monreal tras la reuni\u00f3n.<\/p>\n<p>En su intervenci\u00f3n, Garc\u00eda Harfuch expuso las acciones emprendidas por la Secretar\u00eda de Seguridad y Protecci\u00f3n Ciudadana, as\u00ed como los esfuerzos por mejorar la coordinaci\u00f3n entre las fuerzas federales, estatales y locales. El secretario se comprometi\u00f3 a seguir trabajando estrechamente con el Poder Legislativo para fortalecer las pol\u00edticas de seguridad p\u00fablica y garantizar la paz en el pa\u00eds.<\/p>\n<p>Monreal expres\u00f3 su confianza en que, mediante este tipo de di\u00e1logos y con la colaboraci\u00f3n de todos los niveles de gobierno, se lograr\u00e1 una respuesta efectiva ante los retos de seguridad que enfrentan los ciudadanos mexicanos. El coordinador de Morena tambi\u00e9n subray\u00f3 la importancia de mantener un trabajo conjunto para consolidar un entorno m\u00e1s seguro para las familias mexicanas.<\/p>\n<p>Este encuentro con Omar Garc\u00eda Harfuch marca el inicio de un ciclo de conversaciones entre el Congreso y el Poder Ejecutivo, que busca establecer una mayor coordinaci\u00f3n y eficiencia en las pol\u00edticas de seguridad p\u00fablica del pa\u00eds.<\/p>\n","protected":false},"excerpt":{"rendered":"<p>\ud83d\udd38 El coordinador parlamentario de Morena en la C\u00e1mara de Diputados destac\u00f3 la importancia de&#8230;<\/p>\n","protected":false},"author":1,"featured_media":26465,"comment_status":"open","ping_status":"closed","sticky":false,"template":"","format":"standard","meta":{"footnotes":""},"categories":[17],"tags":[],"class_list":["post-26463","post","type-post","status-publish","format-standard","has-post-thumbnail","hentry","category-cdmx"],"_links":{"self":[{"href":"https:\/\/sacramentoqr.com\/index.php?rest_route=\/wp\/v2\/posts\/26463","targetHints":{"allow":["GET"]}}],"collection":[{"href":"https:\/\/sacramentoqr.com\/index.php?rest_route=\/wp\/v2\/posts"}],"about":[{"href":"https:\/\/sacramentoqr.com\/index.php?rest_route=\/wp\/v2\/types\/post"}],"author":[{"embeddable":true,"href":"https:\/\/sacramentoqr.com\/index.php?rest_route=\/wp\/v2\/users\/1"}],"replies":[{"embeddable":true,"href":"https:\/\/sacramentoqr.com\/index.php?rest_route=%2Fwp%2Fv2%2Fcomments&post=26463"}],"version-history":[{"count":1,"href":"https:\/\/sacramentoqr.com\/index.php?rest_route=\/wp\/v2\/posts\/26463\/revisions"}],"predecessor-version":[{"id":26464,"href":"https:\/\/sacramentoqr.com\/index.php?rest_route=\/wp\/v2\/posts\/26463\/revisions\/26464"}],"wp:featuredmedia":[{"embeddable":true,"href":"https:\/\/sacramentoqr.com\/index.php?rest_route=\/wp\/v2\/media\/26465"}],"wp:attachment":[{"href":"https:\/\/sacramentoqr.com\/index.php?rest_route=%2Fwp%2Fv2%2Fmedia&parent=26463"}],"wp:term":[{"taxonomy":"category","embeddable":true,"href":"https:\/\/sacramentoqr.com\/index.php?rest_route=%2Fwp%2Fv2%2Fcategories&post=26463"},{"taxonomy":"post_tag","embeddable":true,"href":"https:\/\/sacramentoqr.com\/index.php?rest_route=%2Fwp%2Fv2%2Ftags&post=26463"}],"curies":[{"name":"wp","href":"https:\/\/api.w.org\/{rel}","templated":true}]}}