{"id":26491,"date":"2024-11-14T10:30:54","date_gmt":"2024-11-14T15:30:54","guid":{"rendered":"https:\/\/sacramentoqr.com\/?p=26491"},"modified":"2024-11-14T15:30:55","modified_gmt":"2024-11-14T15:30:55","slug":"alejandro-armenta-y-sergio-salomon-reciben-a-la-secretaria-raquel-buenrostro-en-puebla","status":"publish","type":"post","link":"https:\/\/sacramentoqr.com\/?p=26491","title":{"rendered":"Alejandro Armenta y Sergio Salom\u00f3n reciben a la secretaria Raquel Buenrostro en Puebla"},"content":{"rendered":"<p>\ud83d\udd38 El Gobernador Electo y el Gobernador en funciones dieron la bienvenida a la titular de la SFP, quien participar\u00e1 en la LXXIII Reuni\u00f3n Nacional de la Comisi\u00f3n Permanente de Contralores Estado-Federaci\u00f3n.<\/p>\n<p>#PUEBLA | El Gobernador Electo de Puebla, Alejandro Armenta Mier, junto al Gobernador en funciones, Sergio Salom\u00f3n C\u00e9spedes Peregrina, dio la bienvenida a Raquel Buenrostro, titular de la Secretar\u00eda de la Funci\u00f3n P\u00fablica (SFP), quien visit\u00f3 la entidad previo a la LXXIII Reuni\u00f3n Nacional de la Comisi\u00f3n Permanente de Contralores Estado-Federaci\u00f3n.<\/p>\n<p>El evento, que se llevar\u00e1 a cabo del 13 al 15 de noviembre en Puebla, re\u00fane a contralores de todo el pa\u00eds para discutir temas clave sobre transparencia, rendici\u00f3n de cuentas y lucha contra la corrupci\u00f3n. Durante el encuentro, Armenta destac\u00f3 la importancia de fortalecer la colaboraci\u00f3n entre la Federaci\u00f3n y el gobierno estatal en el \u00e1mbito de la fiscalizaci\u00f3n.<\/p>\n<p>\u201cUn gusto recibirte en Puebla, estimada secretaria. Este tipo de encuentros son fundamentales para avanzar en la transparencia y la eficiencia del gobierno\u201d, expres\u00f3 el Gobernador Electo.<\/p>\n<p>La reuni\u00f3n de contralores ser\u00e1 un espacio para abordar estrategias conjuntas que mejoren el control y supervisi\u00f3n de los recursos p\u00fablicos en todos los niveles de gobierno, con el objetivo de garantizar una administraci\u00f3n p\u00fablica m\u00e1s honesta y responsable.<\/p>\n","protected":false},"excerpt":{"rendered":"<p>\ud83d\udd38 El Gobernador Electo y el Gobernador en funciones dieron la bienvenida a la titular&#8230;<\/p>\n","protected":false},"author":1,"featured_media":26493,"comment_status":"open","ping_status":"closed","sticky":false,"template":"","format":"standard","meta":{"footnotes":""},"categories":[20],"tags":[],"class_list":["post-26491","post","type-post","status-publish","format-standard","has-post-thumbnail","hentry","category-puebla"],"_links":{"self":[{"href":"https:\/\/sacramentoqr.com\/index.php?rest_route=\/wp\/v2\/posts\/26491","targetHints":{"allow":["GET"]}}],"collection":[{"href":"https:\/\/sacramentoqr.com\/index.php?rest_route=\/wp\/v2\/posts"}],"about":[{"href":"https:\/\/sacramentoqr.com\/index.php?rest_route=\/wp\/v2\/types\/post"}],"author":[{"embeddable":true,"href":"https:\/\/sacramentoqr.com\/index.php?rest_route=\/wp\/v2\/users\/1"}],"replies":[{"embeddable":true,"href":"https:\/\/sacramentoqr.com\/index.php?rest_route=%2Fwp%2Fv2%2Fcomments&post=26491"}],"version-history":[{"count":1,"href":"https:\/\/sacramentoqr.com\/index.php?rest_route=\/wp\/v2\/posts\/26491\/revisions"}],"predecessor-version":[{"id":26492,"href":"https:\/\/sacramentoqr.com\/index.php?rest_route=\/wp\/v2\/posts\/26491\/revisions\/26492"}],"wp:featuredmedia":[{"embeddable":true,"href":"https:\/\/sacramentoqr.com\/index.php?rest_route=\/wp\/v2\/media\/26493"}],"wp:attachment":[{"href":"https:\/\/sacramentoqr.com\/index.php?rest_route=%2Fwp%2Fv2%2Fmedia&parent=26491"}],"wp:term":[{"taxonomy":"category","embeddable":true,"href":"https:\/\/sacramentoqr.com\/index.php?rest_route=%2Fwp%2Fv2%2Fcategories&post=26491"},{"taxonomy":"post_tag","embeddable":true,"href":"https:\/\/sacramentoqr.com\/index.php?rest_route=%2Fwp%2Fv2%2Ftags&post=26491"}],"curies":[{"name":"wp","href":"https:\/\/api.w.org\/{rel}","templated":true}]}}