{"id":26529,"date":"2024-11-16T14:15:17","date_gmt":"2024-11-16T19:15:17","guid":{"rendered":"https:\/\/sacramentoqr.com\/?p=26529"},"modified":"2024-11-17T04:59:11","modified_gmt":"2024-11-17T04:59:11","slug":"se-instala-el-consejo-municipal-de-proteccion-civil-en-puerto-morelos","status":"publish","type":"post","link":"https:\/\/sacramentoqr.com\/?p=26529","title":{"rendered":"Se instala el Consejo Municipal de Protecci\u00f3n Civil en Puerto Morelos"},"content":{"rendered":"<p>*En coordinaci\u00f3n con instancias federales y estatales tambi\u00e9n se instal\u00f3 el Comit\u00e9 Especializado en Fen\u00f3menos Hidrometeorol\u00f3gicos Temporada 2024<\/p>\n<p>Puerto Morelos, Quintana Roo, 16 de noviembre de 2024.&#8211; Autoridades de Puerto Morelos, encabezadas por la presidenta municipal Blanca Merari Tziu Mu\u00f1oz, instalaron el Consejo Municipal de Protecci\u00f3n Civil 2024-2027 y el Comit\u00e9 Especializado en Fen\u00f3menos Hidrometeorol\u00f3gicos Temporada 2024, en la Sala de Cabildo del Palacio Municipal.<\/p>\n<p>La Alcaldesa agradeci\u00f3 la disposici\u00f3n de las y los representantes de cada instancia tanto federal como estatal, las fuerzas armadas, las y los regidores, secretarios y directores de la administraci\u00f3n municipal, a este llamado, ya que los trabajos de prevenci\u00f3n en raz\u00f3n de la situaci\u00f3n climatica, dijo, son primordiales.<\/p>\n<p>\u201cLa coordinaci\u00f3n y prevenci\u00f3n son el punto clave de los reultados que podamos obtener para el resguardo de nuestros habitantes y visitantes, que son nuestra m\u00e1xima prioridad, ante la proximidad de alg\u00fan fen\u00f3meno hidrometeorol\u00f3gico. Seguimos las indicaciones de nuestra gobernadora Mara Lezama, prepararnos y prevenir como si nos fuera a impactar alg\u00fan cicl\u00f3n tropical\u201d, refiri\u00f3.<\/p>\n<p>Por esa raz\u00f3n, pidi\u00f3 a los presentes estar atentos a la Coordinaci\u00f3n de Protecci\u00f3n Civil Municipal, en caso de ser necesarios activar los protocolos de cada \u00e1rea, para informar a la poblaci\u00f3n de manera puntual y por lo canales correctos.<\/p>\n<p>Por su parte, la coordinadora de Protecci\u00f3n Civil, Irma \u00c1vila M\u00e9ndez, indic\u00f3 que mediante la gesti\u00f3n integral de riesgos se fortalecer\u00e1n las labores de evaluaci\u00f3n, analisis, control y reducci\u00f3n de los riesgos que se puedan detectar en la geografia de Puerto Morelos, trabajando de la mano con los dem\u00e1s \u00f3rdenes de gobierno para implementar estrategias, politicas p\u00fablicas y procedimientos que aminoren la causa de los desastres.<\/p>\n<p>As\u00edmismo, record\u00f3 que en esta temporada de hurac\u00e1nes que esta proxima a concluir, el Servicio Meteorol\u00f3gico Nacional (SMN) y Conagua pronosticaron la formaci\u00f3n de entre 20 a 23 ciclones tropicales; a la fecha se han originado en el oc\u00e9ano Atl\u00e1ntico 7 tormentas tropicales y 11 huracanes. Destac\u00f3 adem\u00e1s que el municipio tiene 23 refugios anticicl\u00f3nicos y, en caso de ser necesario, 6 preparados de primera apertura.<\/p>\n<p>Durante ambas sesiones la presidenta municipal Blanca Merari Tziu Mu\u00f1oz, tom\u00f3 la protesta a los miembros del Consejo Municipal de Protecci\u00f3n Civil 2024-2027, as\u00ed como al del Comit\u00e9 Especializado en Fen\u00f3menos Hidrometeorol\u00f3gicos y se firmaron las actas correspondientes.<\/p>\n<p>En estos actos estuvieron presentes, el Capit\u00e1n de Infanteria de la Secretar\u00eda de la Defensa Nacional (Sedena) Jorge P\u00e9rez Mayo; Tte. de Corbeta Luis Carlos Mart\u00ednez Baltazar de la Secretar\u00eda de Marina (Semar); de la Guardia Nacional, el agente Mois\u00e9s L\u00f3pez M\u00e9nendez; de Capitan\u00eda de Puerto, el vicealmirante retirado Antonio Pescina \u00c1vila.<\/p>\n<p>Adem\u00e1s, Ariadne Giordano Huerta, de la Coordinaci\u00f3n Estatal de Protecci\u00f3n Civil en Quintana Roo (Coeproc); el secretario general del Ayuntamiento, Jos\u00e9 de Jes\u00fas Espinosa Pay\u00e1n, y el secretario municipal de Seguridad Ciudadana, Alfredo Valdez de Le\u00f3n, entre otros funcionarios.<\/p>\n","protected":false},"excerpt":{"rendered":"<p>*En coordinaci\u00f3n con instancias federales y estatales tambi\u00e9n se instal\u00f3 el Comit\u00e9 Especializado en Fen\u00f3menos&#8230;<\/p>\n","protected":false},"author":1,"featured_media":26531,"comment_status":"open","ping_status":"closed","sticky":false,"template":"","format":"standard","meta":{"footnotes":""},"categories":[10],"tags":[],"class_list":["post-26529","post","type-post","status-publish","format-standard","has-post-thumbnail","hentry","category-quintana-roo"],"_links":{"self":[{"href":"https:\/\/sacramentoqr.com\/index.php?rest_route=\/wp\/v2\/posts\/26529","targetHints":{"allow":["GET"]}}],"collection":[{"href":"https:\/\/sacramentoqr.com\/index.php?rest_route=\/wp\/v2\/posts"}],"about":[{"href":"https:\/\/sacramentoqr.com\/index.php?rest_route=\/wp\/v2\/types\/post"}],"author":[{"embeddable":true,"href":"https:\/\/sacramentoqr.com\/index.php?rest_route=\/wp\/v2\/users\/1"}],"replies":[{"embeddable":true,"href":"https:\/\/sacramentoqr.com\/index.php?rest_route=%2Fwp%2Fv2%2Fcomments&post=26529"}],"version-history":[{"count":1,"href":"https:\/\/sacramentoqr.com\/index.php?rest_route=\/wp\/v2\/posts\/26529\/revisions"}],"predecessor-version":[{"id":26530,"href":"https:\/\/sacramentoqr.com\/index.php?rest_route=\/wp\/v2\/posts\/26529\/revisions\/26530"}],"wp:featuredmedia":[{"embeddable":true,"href":"https:\/\/sacramentoqr.com\/index.php?rest_route=\/wp\/v2\/media\/26531"}],"wp:attachment":[{"href":"https:\/\/sacramentoqr.com\/index.php?rest_route=%2Fwp%2Fv2%2Fmedia&parent=26529"}],"wp:term":[{"taxonomy":"category","embeddable":true,"href":"https:\/\/sacramentoqr.com\/index.php?rest_route=%2Fwp%2Fv2%2Fcategories&post=26529"},{"taxonomy":"post_tag","embeddable":true,"href":"https:\/\/sacramentoqr.com\/index.php?rest_route=%2Fwp%2Fv2%2Ftags&post=26529"}],"curies":[{"name":"wp","href":"https:\/\/api.w.org\/{rel}","templated":true}]}}