{"id":26574,"date":"2024-11-19T11:06:08","date_gmt":"2024-11-19T16:06:08","guid":{"rendered":"https:\/\/sacramentoqr.com\/?p=26574"},"modified":"2024-11-19T16:06:09","modified_gmt":"2024-11-19T16:06:09","slug":"janecarlo-lozano-celebra-el-36-aniversario-del-mercado-cuautepec-como-un-simbolo-de-tradicion-y-comunidad","status":"publish","type":"post","link":"https:\/\/sacramentoqr.com\/?p=26574","title":{"rendered":"Janecarlo Lozano celebra el 36 aniversario del Mercado Cuautepec como un s\u00edmbolo de tradici\u00f3n y comunidad"},"content":{"rendered":"<p>\ud83d\udd38 El alcalde de la Gustavo A. Madero reafirma su compromiso con el fortalecimiento de los mercados tradicionales en la alcald\u00eda<\/p>\n<p>#CDMX | En una jornada de celebraci\u00f3n y orgullo, el alcalde de Gustavo A. Madero, Janecarlo Lozano, encabez\u00f3 los festejos por el 36 aniversario del Mercado Cuautepec, un emblem\u00e1tico centro comercial que, a lo largo de los a\u00f1os, ha sido un referente de historia, cultura y comunidad en la alcald\u00eda.<\/p>\n<p>Durante el evento, Lozano agradeci\u00f3 a los locatarios y vecinos por su dedicaci\u00f3n y esfuerzo para mantener viva la tradici\u00f3n del mercado, que sigue siendo un pilar en la vida cotidiana de los habitantes de Cuautepec. \u00abHoy celebramos m\u00e1s que un aniversario; celebramos la fuerza de la comunidad, la uni\u00f3n de las y los locatarios, y el legado de este mercado que ha sido testigo de generaciones de trabajo, esfuerzo y solidaridad\u00bb, expres\u00f3 el alcalde.<\/p>\n<p>El Mercado Cuautepec, con m\u00e1s de tres d\u00e9cadas de existencia, es considerado un espacio esencial para la econom\u00eda local, as\u00ed como un punto de encuentro y convivencia para quienes lo visitan d\u00eda a d\u00eda. A lo largo de su historia, ha sido un reflejo de la identidad y el esp\u00edritu comunitario de los habitantes de la zona, y sigue siendo un referente de tradici\u00f3n en la Gustavo A. Madero.<\/p>\n<p>\u00abGracias a todas y todos los locatarios y vecinas y vecinos que llenan de vida y alegr\u00eda las calles de Cuautepec. Hoy, m\u00e1s que nunca, reafirmamos nuestro compromiso con el fortalecimiento de nuestros mercados, porque son mucho m\u00e1s que lugares de comercio; son espacios que conectan a las personas, que fomentan la econom\u00eda local y que dan identidad a nuestra comunidad\u00bb, a\u00f1adi\u00f3 Lozano.<\/p>\n<p>El evento estuvo marcado por actividades culturales, musicales y gastron\u00f3micas, que invitaron a los asistentes a disfrutar de lo mejor de Cuautepec, en un ambiente de alegr\u00eda y fraternidad. El alcalde tambi\u00e9n destac\u00f3 los esfuerzos de su administraci\u00f3n para mejorar las condiciones de los mercados en la alcald\u00eda, asegurando que seguir\u00e1n trabajando para garantizar su crecimiento y modernizaci\u00f3n.<\/p>\n<p>\u00abPor muchos a\u00f1os m\u00e1s de tradici\u00f3n y comunidad\u00bb, concluy\u00f3 Lozano, quien reafirm\u00f3 su compromiso de seguir apoyando a los mercados como parte fundamental del desarrollo y la identidad de Gustavo A. Madero.<\/p>\n","protected":false},"excerpt":{"rendered":"<p>\ud83d\udd38 El alcalde de la Gustavo A. Madero reafirma su compromiso con el fortalecimiento de&#8230;<\/p>\n","protected":false},"author":1,"featured_media":26576,"comment_status":"open","ping_status":"closed","sticky":false,"template":"","format":"standard","meta":{"footnotes":""},"categories":[17],"tags":[],"class_list":["post-26574","post","type-post","status-publish","format-standard","has-post-thumbnail","hentry","category-cdmx"],"_links":{"self":[{"href":"https:\/\/sacramentoqr.com\/index.php?rest_route=\/wp\/v2\/posts\/26574","targetHints":{"allow":["GET"]}}],"collection":[{"href":"https:\/\/sacramentoqr.com\/index.php?rest_route=\/wp\/v2\/posts"}],"about":[{"href":"https:\/\/sacramentoqr.com\/index.php?rest_route=\/wp\/v2\/types\/post"}],"author":[{"embeddable":true,"href":"https:\/\/sacramentoqr.com\/index.php?rest_route=\/wp\/v2\/users\/1"}],"replies":[{"embeddable":true,"href":"https:\/\/sacramentoqr.com\/index.php?rest_route=%2Fwp%2Fv2%2Fcomments&post=26574"}],"version-history":[{"count":1,"href":"https:\/\/sacramentoqr.com\/index.php?rest_route=\/wp\/v2\/posts\/26574\/revisions"}],"predecessor-version":[{"id":26575,"href":"https:\/\/sacramentoqr.com\/index.php?rest_route=\/wp\/v2\/posts\/26574\/revisions\/26575"}],"wp:featuredmedia":[{"embeddable":true,"href":"https:\/\/sacramentoqr.com\/index.php?rest_route=\/wp\/v2\/media\/26576"}],"wp:attachment":[{"href":"https:\/\/sacramentoqr.com\/index.php?rest_route=%2Fwp%2Fv2%2Fmedia&parent=26574"}],"wp:term":[{"taxonomy":"category","embeddable":true,"href":"https:\/\/sacramentoqr.com\/index.php?rest_route=%2Fwp%2Fv2%2Fcategories&post=26574"},{"taxonomy":"post_tag","embeddable":true,"href":"https:\/\/sacramentoqr.com\/index.php?rest_route=%2Fwp%2Fv2%2Ftags&post=26574"}],"curies":[{"name":"wp","href":"https:\/\/api.w.org\/{rel}","templated":true}]}}