{"id":26577,"date":"2024-11-19T11:22:04","date_gmt":"2024-11-19T16:22:04","guid":{"rendered":"https:\/\/sacramentoqr.com\/?p=26577"},"modified":"2024-11-19T16:22:05","modified_gmt":"2024-11-19T16:22:05","slug":"adrian-marcelo-regresa-a-nueva-temporada-de-la-casa-de-los-famosos","status":"publish","type":"post","link":"https:\/\/sacramentoqr.com\/?p=26577","title":{"rendered":"Adri\u00e1n Marcelo regresa a nueva temporada de La Casa de los Famosos"},"content":{"rendered":"<p>\ud83d\udd38 El influencer est\u00e1 entre los participantes contemplados para la nueva edici\u00f3n que se estrenar\u00e1 en 2025<\/p>\n<p>#ESPECT\u00c1CULOS | Luego de su pol\u00e9mica participaci\u00f3n en la segunda temporada de la versi\u00f3n mexicana, Adri\u00e1n Marcelo podr\u00eda regresar a La Casa de los Famosos para la edici\u00f3n de 2025, por lo menos eso es lo que trasciende en redes sociales y se ha vuelto tendencia.<\/p>\n<p>El influencer regiomontano, conocido por su sentido del humor sarc\u00e1stico y a veces ofensivo, fue el participante que m\u00e1s dio de qu\u00e9 hablar durante la temporada m\u00e1s reciente del reality show producido por Televisa y Endemol, pues aunque no fue el ganador (fue Mario Bezares) y de hecho abandon\u00f3 la casa apenas en la semana 7 de 10, rob\u00f3 todos los reflectores por sus pol\u00e9micas peleas con compa\u00f1eros como Arath de la Torre y Gala Montes, mismas que han seguido incluso fuera de la casa.<\/p>\n<p>Ante esta situaci\u00f3n, Adri\u00e1n Marcelo podr\u00eda tener su revancha, pues en redes sociales circula la informaci\u00f3n de que ser\u00eda uno de los participantes de La Casa de los Famosos All Stars, versi\u00f3n que produce Telemundo para Estados Unidos y la cual en 2025 tendr\u00e1 una nueva temporada, reuniendo a destacados habitantes de temporadas pasadas que no hayan ganado, as\u00ed como otros que no han formado parte de la edici\u00f3n norteamericana, pero s\u00ed de la mexicana.<\/p>\n<p>Entre los participantes ya confirmados para la quinta temporada de la edici\u00f3n estadounidense de La Casa de los Famosos y la primera All Stars, est\u00e1n Laura Bozzo, Manelyk Gonz\u00e1lez y Niurka Marcos.<\/p>\n<p>La cuenta en X @LaJefaUSA ha sido la encargada de adelantar algunos nombres de participantes para le nueva temporada de LCDLF, agregando al de Adri\u00e1n Marcelo otros como el del cantante Lupillo Rivera y su expareja Mayeli Alonso, la influencer Karina Torres y el conductor Alfredo Adame.<\/p>\n","protected":false},"excerpt":{"rendered":"<p>\ud83d\udd38 El influencer est\u00e1 entre los participantes contemplados para la nueva edici\u00f3n que se estrenar\u00e1&#8230;<\/p>\n","protected":false},"author":1,"featured_media":26579,"comment_status":"open","ping_status":"closed","sticky":false,"template":"","format":"standard","meta":{"footnotes":""},"categories":[4],"tags":[],"class_list":["post-26577","post","type-post","status-publish","format-standard","has-post-thumbnail","hentry","category-espectaculos"],"_links":{"self":[{"href":"https:\/\/sacramentoqr.com\/index.php?rest_route=\/wp\/v2\/posts\/26577","targetHints":{"allow":["GET"]}}],"collection":[{"href":"https:\/\/sacramentoqr.com\/index.php?rest_route=\/wp\/v2\/posts"}],"about":[{"href":"https:\/\/sacramentoqr.com\/index.php?rest_route=\/wp\/v2\/types\/post"}],"author":[{"embeddable":true,"href":"https:\/\/sacramentoqr.com\/index.php?rest_route=\/wp\/v2\/users\/1"}],"replies":[{"embeddable":true,"href":"https:\/\/sacramentoqr.com\/index.php?rest_route=%2Fwp%2Fv2%2Fcomments&post=26577"}],"version-history":[{"count":1,"href":"https:\/\/sacramentoqr.com\/index.php?rest_route=\/wp\/v2\/posts\/26577\/revisions"}],"predecessor-version":[{"id":26578,"href":"https:\/\/sacramentoqr.com\/index.php?rest_route=\/wp\/v2\/posts\/26577\/revisions\/26578"}],"wp:featuredmedia":[{"embeddable":true,"href":"https:\/\/sacramentoqr.com\/index.php?rest_route=\/wp\/v2\/media\/26579"}],"wp:attachment":[{"href":"https:\/\/sacramentoqr.com\/index.php?rest_route=%2Fwp%2Fv2%2Fmedia&parent=26577"}],"wp:term":[{"taxonomy":"category","embeddable":true,"href":"https:\/\/sacramentoqr.com\/index.php?rest_route=%2Fwp%2Fv2%2Fcategories&post=26577"},{"taxonomy":"post_tag","embeddable":true,"href":"https:\/\/sacramentoqr.com\/index.php?rest_route=%2Fwp%2Fv2%2Ftags&post=26577"}],"curies":[{"name":"wp","href":"https:\/\/api.w.org\/{rel}","templated":true}]}}