{"id":26608,"date":"2024-11-21T10:18:10","date_gmt":"2024-11-21T15:18:10","guid":{"rendered":"https:\/\/sacramentoqr.com\/?p=26608"},"modified":"2024-11-21T15:18:12","modified_gmt":"2024-11-21T15:18:12","slug":"ricardo-arjona-regresa-con-seco-el-guatemalteco-presenta-su-nuevo-album-tras-estar-en-silla-de-ruedas","status":"publish","type":"post","link":"https:\/\/sacramentoqr.com\/?p=26608","title":{"rendered":"\u00a1Ricardo Arjona regresa con &#8216;Seco&#8217;! El guatemalteco presenta su nuevo \u00e1lbum tras estar en silla de ruedas"},"content":{"rendered":"<p>\ud83d\udd38 El artista revel\u00f3 que para poder regresar a la m\u00fasica fue sometido a dos operaciones de columna<\/p>\n<p>#ESPECT\u00c1CULOS | Ricardo Arjona ha revelado que el a\u00f1o pasado atraves\u00f3 un periodo complicado debido a un problema de salud que lo oblig\u00f3 a utilizar una silla de ruedas de manera temporal. En una entrevista, el cantante admiti\u00f3 que esta fue una etapa sumamente dif\u00edcil en su vida.<\/p>\n<p>En una reciente entrevista, el ciudadano guatemalteco proporcion\u00f3 detalles sobre su situaci\u00f3n m\u00e9dica, se\u00f1alando que los pron\u00f3sticos de los doctores de Argentina y Barcelona no eran muy alentadores. Fue sometido a dos cirug\u00edas en las cuales se le implantaron dos tornillos. Adem\u00e1s, comparti\u00f3 aspectos m\u00e1s personales de su vida, incluyendo el fallecimiento de sus padres.<\/p>\n<p>Arjona comparti\u00f3 en Instagram im\u00e1genes de su proceso de recuperaci\u00f3n y su tiempo en silla de ruedas, junto con el anuncio de su nuevo \u00e1lbum titulado \u00abSECO\u00bb. Este \u00e1lbum abordar\u00e1 temas de vulnerabilidad y reflexi\u00f3n, y se publicar\u00e1 el viernes 22 de noviembre. Adem\u00e1s, sorprendi\u00f3 a sus seguidores al anunciar un streaming en vivo programado para este viernes, aunque no especific\u00f3 la hora, limit\u00e1ndose a indicar que se llevar\u00e1 a cabo por la noche.<\/p>\n<p>\u00ab\u00bfY si intento hacer uno por aqu\u00ed ma\u00f1ana? Nunca lo hice, as\u00ed me ayudan a superar la ansiedad maravillosa que se da, cuando se est\u00e1 a punto de compartir un trabajo tan importante para m\u00ed. Nos vemos ma\u00f1ana por la noche. \u00bfS\u00ed? \u00a1En qu\u00e9 l\u00edo me met\u00ed\u00bb, comparti\u00f3 el cantante.<\/p>\n<p>Ricardo Arjona es un cantautor guatemalteco famoso por sus letras po\u00e9ticas que tratan temas como el amor y la vida cotidiana. Con m\u00e1s de 30 a\u00f1os de carrera, ha lanzado \u00e9xitos como \u00abMujeres,\u00bb \u00abHistoria de un taxi\u00bb y \u00abFuiste t\u00fa.\u00bb Es uno de los artistas m\u00e1s exitosos de Am\u00e9rica Latina, reconocido por sus m\u00faltiples premios y giras internacionales, consolid\u00e1ndose como una figura ic\u00f3nica en la m\u00fasica en espa\u00f1ol.<\/p>\n","protected":false},"excerpt":{"rendered":"<p>\ud83d\udd38 El artista revel\u00f3 que para poder regresar a la m\u00fasica fue sometido a dos&#8230;<\/p>\n","protected":false},"author":1,"featured_media":26610,"comment_status":"open","ping_status":"closed","sticky":false,"template":"","format":"standard","meta":{"footnotes":""},"categories":[4],"tags":[],"class_list":["post-26608","post","type-post","status-publish","format-standard","has-post-thumbnail","hentry","category-espectaculos"],"_links":{"self":[{"href":"https:\/\/sacramentoqr.com\/index.php?rest_route=\/wp\/v2\/posts\/26608","targetHints":{"allow":["GET"]}}],"collection":[{"href":"https:\/\/sacramentoqr.com\/index.php?rest_route=\/wp\/v2\/posts"}],"about":[{"href":"https:\/\/sacramentoqr.com\/index.php?rest_route=\/wp\/v2\/types\/post"}],"author":[{"embeddable":true,"href":"https:\/\/sacramentoqr.com\/index.php?rest_route=\/wp\/v2\/users\/1"}],"replies":[{"embeddable":true,"href":"https:\/\/sacramentoqr.com\/index.php?rest_route=%2Fwp%2Fv2%2Fcomments&post=26608"}],"version-history":[{"count":1,"href":"https:\/\/sacramentoqr.com\/index.php?rest_route=\/wp\/v2\/posts\/26608\/revisions"}],"predecessor-version":[{"id":26609,"href":"https:\/\/sacramentoqr.com\/index.php?rest_route=\/wp\/v2\/posts\/26608\/revisions\/26609"}],"wp:featuredmedia":[{"embeddable":true,"href":"https:\/\/sacramentoqr.com\/index.php?rest_route=\/wp\/v2\/media\/26610"}],"wp:attachment":[{"href":"https:\/\/sacramentoqr.com\/index.php?rest_route=%2Fwp%2Fv2%2Fmedia&parent=26608"}],"wp:term":[{"taxonomy":"category","embeddable":true,"href":"https:\/\/sacramentoqr.com\/index.php?rest_route=%2Fwp%2Fv2%2Fcategories&post=26608"},{"taxonomy":"post_tag","embeddable":true,"href":"https:\/\/sacramentoqr.com\/index.php?rest_route=%2Fwp%2Fv2%2Ftags&post=26608"}],"curies":[{"name":"wp","href":"https:\/\/api.w.org\/{rel}","templated":true}]}}