{"id":26711,"date":"2024-11-25T10:51:12","date_gmt":"2024-11-25T15:51:12","guid":{"rendered":"https:\/\/sacramentoqr.com\/?p=26711"},"modified":"2024-11-25T15:51:13","modified_gmt":"2024-11-25T15:51:13","slug":"pepe-cinto-asiste-a-la-inauguracion-del-mercado-el-progreso-y-la-xvii-feria-del-tejocote-en-calpan","status":"publish","type":"post","link":"https:\/\/sacramentoqr.com\/?p=26711","title":{"rendered":"Pepe Cinto asiste a la inauguraci\u00f3n del Mercado \u00abEl Progreso\u00bb y la XVII Feria del Tejocote en Calpan"},"content":{"rendered":"<p>\ud83d\udd38 El presidente municipal de Juan C. Bonilla celebr\u00f3 la uni\u00f3n de esfuerzos en el desarrollo de la regi\u00f3n<\/p>\n<p>#PUEBLA | En un acto lleno de tradici\u00f3n y cultura, el presidente municipal de Juan C. Bonilla, Pepe Cinto Bernal, comparti\u00f3 su entusiasmo por la inauguraci\u00f3n del Mercado \u201cEl Progreso\u201d y la celebraci\u00f3n de la XVII Feria del Tejocote y la Primera Expo Agr\u00edcola en el municipio de Calpan, Puebla. El evento, que se llev\u00f3 a cabo con la presencia del Secretario de Gobernaci\u00f3n, Javier Aquino Lim\u00f3n, y su amigo Vicente S\u00e1nchez M\u00e9ndez, marc\u00f3 un hito en el impulso de la econom\u00eda local y la promoci\u00f3n de las tradiciones de la regi\u00f3n.<\/p>\n<p>Durante la inauguraci\u00f3n, Cinto Bernal destac\u00f3 el significado de estas iniciativas para la comunidad, que buscan no solo fortalecer el comercio, sino tambi\u00e9n preservar y enaltecer las costumbres que han hecho del Distrito 8 un lugar lleno de magia. \u201cJuntos, estamos impulsando el desarrollo de nuestras comunidades\u201d, expres\u00f3 el mandatario, haciendo \u00e9nfasis en la importancia de la colaboraci\u00f3n entre autoridades y ciudadanos para el crecimiento sostenible.<\/p>\n<p>El Mercado \u201cEl Progreso\u201d es una muestra de c\u00f3mo el esfuerzo conjunto puede generar espacios de intercambio que beneficien tanto a los productores locales como a los consumidores. Adem\u00e1s, la XVII Feria del Tejocote, que este a\u00f1o se acompa\u00f1a de la Primera Expo Agr\u00edcola, se erige como una plataforma para dar a conocer los productos t\u00edpicos de la regi\u00f3n, como el tejocote, y promover la agricultura local.<\/p>\n<p>Pepe Cinto Bernal concluy\u00f3 su intervenci\u00f3n resaltando el orgullo que siente por ser parte de una regi\u00f3n tan rica en historia, cultura y tradiciones, y reafirm\u00f3 su compromiso con el bienestar de las comunidades del Distrito 8.<\/p>\n","protected":false},"excerpt":{"rendered":"<p>\ud83d\udd38 El presidente municipal de Juan C. Bonilla celebr\u00f3 la uni\u00f3n de esfuerzos en el&#8230;<\/p>\n","protected":false},"author":1,"featured_media":26713,"comment_status":"open","ping_status":"closed","sticky":false,"template":"","format":"standard","meta":{"footnotes":""},"categories":[20],"tags":[],"class_list":["post-26711","post","type-post","status-publish","format-standard","has-post-thumbnail","hentry","category-puebla"],"_links":{"self":[{"href":"https:\/\/sacramentoqr.com\/index.php?rest_route=\/wp\/v2\/posts\/26711","targetHints":{"allow":["GET"]}}],"collection":[{"href":"https:\/\/sacramentoqr.com\/index.php?rest_route=\/wp\/v2\/posts"}],"about":[{"href":"https:\/\/sacramentoqr.com\/index.php?rest_route=\/wp\/v2\/types\/post"}],"author":[{"embeddable":true,"href":"https:\/\/sacramentoqr.com\/index.php?rest_route=\/wp\/v2\/users\/1"}],"replies":[{"embeddable":true,"href":"https:\/\/sacramentoqr.com\/index.php?rest_route=%2Fwp%2Fv2%2Fcomments&post=26711"}],"version-history":[{"count":1,"href":"https:\/\/sacramentoqr.com\/index.php?rest_route=\/wp\/v2\/posts\/26711\/revisions"}],"predecessor-version":[{"id":26712,"href":"https:\/\/sacramentoqr.com\/index.php?rest_route=\/wp\/v2\/posts\/26711\/revisions\/26712"}],"wp:featuredmedia":[{"embeddable":true,"href":"https:\/\/sacramentoqr.com\/index.php?rest_route=\/wp\/v2\/media\/26713"}],"wp:attachment":[{"href":"https:\/\/sacramentoqr.com\/index.php?rest_route=%2Fwp%2Fv2%2Fmedia&parent=26711"}],"wp:term":[{"taxonomy":"category","embeddable":true,"href":"https:\/\/sacramentoqr.com\/index.php?rest_route=%2Fwp%2Fv2%2Fcategories&post=26711"},{"taxonomy":"post_tag","embeddable":true,"href":"https:\/\/sacramentoqr.com\/index.php?rest_route=%2Fwp%2Fv2%2Ftags&post=26711"}],"curies":[{"name":"wp","href":"https:\/\/api.w.org\/{rel}","templated":true}]}}