{"id":26725,"date":"2024-11-26T10:11:37","date_gmt":"2024-11-26T15:11:37","guid":{"rendered":"https:\/\/sacramentoqr.com\/?p=26725"},"modified":"2024-11-26T15:11:39","modified_gmt":"2024-11-26T15:11:39","slug":"muere-mama-de-erik-rubin-myra-milanszenko","status":"publish","type":"post","link":"https:\/\/sacramentoqr.com\/?p=26725","title":{"rendered":"Muere mam\u00e1 de Erik Rub\u00edn, Myra Milanszenko"},"content":{"rendered":"<p>\ud83d\udd38 El cantante anunci\u00f3 a trav\u00e9s de redes sociales el fallecimiento de su madre, quien ten\u00eda 73 a\u00f1os<\/p>\n<p>#ESPECT\u00c1CULOS | Erik Rub\u00edn anunci\u00f3 el fallecimiento de su madre, Myra Mialszenko, tras complicaciones m\u00e9dicas de una operaci\u00f3n realizada hace un mes. En octubre, Andrea Legarreta hab\u00eda informado sobre su grave estado de salud debido a un tumor pulmonar que llev\u00f3 a la extirpaci\u00f3n de un pulm\u00f3n, y la familia solicit\u00f3 donadores de sangre en redes sociales. Aunque se mencion\u00f3 que la operaci\u00f3n fue exitosa durante el estreno del musical \u00abJesucristo S\u00faper Estrella\u00bb, la salud de Myra continu\u00f3 siendo una preocupaci\u00f3n para la familia.<\/p>\n<p>Hoy 25 de noviembre, Erik Rub\u00edn anunci\u00f3 en sus redes sociales el fallecimiento de su madre, Myra Mialszenko, a trav\u00e9s de un emotivo mensaje y varias fotograf\u00edas. En su publicaci\u00f3n, se despidi\u00f3 de ella con un escrito po\u00e9tico, sin ofrecer detalles sobre las causas de su muerte.<\/p>\n<p>\u201cNo me parar\u00e9 al lado de tus cenizas a llorar. No est\u00e1s ah\u00ed, no duermes. Eres un millar de vientos que soplan y sostienen las alas de los p\u00e1jaros. Eres el destello del diamante sobre la nieve. Eres el reflejo de la luz sobre el grano maduro, Eres la semilla y la lluvia ben\u00e9vola del oto\u00f1o\u201d.<\/p>\n<p>Las im\u00e1genes del post ilustran momentos de felicidad compartidos por el exTimbiriche, su familia, que incluye a Andrea Legarreta y sus hijas, as\u00ed como a su madre, lo que evidencia el profundo amor y aprecio que le profesaban.<\/p>\n<p>\u201cCuando despierto en la quietud de la ma\u00f1ana, eres la suave brisa repentina que juega y me abraza, eres las estrellas que brillan en la noche. No me parar\u00e9 al lado de tus cenizas a llorar. No est\u00e1s ah\u00ed, no has muerto\u00bb.<\/p>\n<p>Andrea Legarreta manda mensaje Erik Rub\u00edn<br \/>\nEn una publicaci\u00f3n de Instagram, Erik Rub\u00edn recibi\u00f3 un mensaje de apoyo de su expareja, Andrea Legarreta, tras una reciente p\u00e9rdida. Varios compa\u00f1eros y familiares tambi\u00e9n comentaron con emotivos mensajes de condolencias y fortaleza.<\/p>\n<p>\u201cPeloncito amado\u2026 Aqu\u00ed contigo y para ti\u2026 Para toda tu familia que es la m\u00eda\u2026 Ya te lo dije y lo repito, el amor de mam\u00e1 es eterno, infinito\u2026 Myra hermosa siempre vivir\u00e1 en ti\u2026 Son almas gemelas!! Celebro la vida de la MARAVILLOSA y \u00daNICA Myra\u2026 Le agradezco tanto amor y haber sido la amorosa y divertida abuela de M\u00eda y Nina. Tantos momentos inolvidables a su lado!! Que afortunada de tener un hijo tan maravilloso como t\u00fa!! Que afortunados de tenerse y gozar tanto la vida!! Mi amor para ti, para mis ni\u00f1as y toda la familia! Los amo infinito!! Siempre amar\u00e9 a Myra! Besos al cielo mi reina linda \u2026\u201d, escribi\u00f3.<\/p>\n<p>&nbsp;<\/p>\n","protected":false},"excerpt":{"rendered":"<p>\ud83d\udd38 El cantante anunci\u00f3 a trav\u00e9s de redes sociales el fallecimiento de su madre, quien&#8230;<\/p>\n","protected":false},"author":1,"featured_media":26727,"comment_status":"open","ping_status":"closed","sticky":false,"template":"","format":"standard","meta":{"footnotes":""},"categories":[4],"tags":[],"class_list":["post-26725","post","type-post","status-publish","format-standard","has-post-thumbnail","hentry","category-espectaculos"],"_links":{"self":[{"href":"https:\/\/sacramentoqr.com\/index.php?rest_route=\/wp\/v2\/posts\/26725","targetHints":{"allow":["GET"]}}],"collection":[{"href":"https:\/\/sacramentoqr.com\/index.php?rest_route=\/wp\/v2\/posts"}],"about":[{"href":"https:\/\/sacramentoqr.com\/index.php?rest_route=\/wp\/v2\/types\/post"}],"author":[{"embeddable":true,"href":"https:\/\/sacramentoqr.com\/index.php?rest_route=\/wp\/v2\/users\/1"}],"replies":[{"embeddable":true,"href":"https:\/\/sacramentoqr.com\/index.php?rest_route=%2Fwp%2Fv2%2Fcomments&post=26725"}],"version-history":[{"count":1,"href":"https:\/\/sacramentoqr.com\/index.php?rest_route=\/wp\/v2\/posts\/26725\/revisions"}],"predecessor-version":[{"id":26726,"href":"https:\/\/sacramentoqr.com\/index.php?rest_route=\/wp\/v2\/posts\/26725\/revisions\/26726"}],"wp:featuredmedia":[{"embeddable":true,"href":"https:\/\/sacramentoqr.com\/index.php?rest_route=\/wp\/v2\/media\/26727"}],"wp:attachment":[{"href":"https:\/\/sacramentoqr.com\/index.php?rest_route=%2Fwp%2Fv2%2Fmedia&parent=26725"}],"wp:term":[{"taxonomy":"category","embeddable":true,"href":"https:\/\/sacramentoqr.com\/index.php?rest_route=%2Fwp%2Fv2%2Fcategories&post=26725"},{"taxonomy":"post_tag","embeddable":true,"href":"https:\/\/sacramentoqr.com\/index.php?rest_route=%2Fwp%2Fv2%2Ftags&post=26725"}],"curies":[{"name":"wp","href":"https:\/\/api.w.org\/{rel}","templated":true}]}}