{"id":26728,"date":"2024-11-26T10:13:46","date_gmt":"2024-11-26T15:13:46","guid":{"rendered":"https:\/\/sacramentoqr.com\/?p=26728"},"modified":"2024-11-26T15:13:47","modified_gmt":"2024-11-26T15:13:47","slug":"ricardo-monreal-responde-a-donald-trump-sobre-amenaza-de-aranceles-a-mexico","status":"publish","type":"post","link":"https:\/\/sacramentoqr.com\/?p=26728","title":{"rendered":"Ricardo Monreal responde a Donald Trump sobre amenaza de aranceles a M\u00e9xico"},"content":{"rendered":"<p>\ud83d\udd38 El legislador subray\u00f3 que los aranceles no solo contravendr\u00edan los acuerdos establecidos en el T-MEC, sino que no contribuir\u00edan a la soluci\u00f3n de los problemas comunes en la frontera entre ambos pa\u00edses<\/p>\n<p>#CDMX | El presidente de la Junta de Coordinaci\u00f3n Pol\u00edtica de la C\u00e1mara de Diputados, Ricardo Monreal \u00c1vila, respondi\u00f3 este lunes a la amenaza del presidente electo de Estados Unidos, Donald Trump, quien hab\u00eda propuesto imponer aranceles a los productos mexicanos. Monreal, l\u00edder de Morena en la C\u00e1mara Baja, advirti\u00f3 que esta medida violar\u00eda el Tratado Comercial entre M\u00e9xico, Estados Unidos y Canad\u00e1 (T-MEC) y generar\u00eda \u00abseveros da\u00f1os\u00bb a la econom\u00eda de la poblaci\u00f3n norteamericana.<\/p>\n<p>A trav\u00e9s de sus redes sociales, Monreal subray\u00f3 que los aranceles no solo contravendr\u00edan los acuerdos establecidos en el T-MEC, sino que tambi\u00e9n no contribuir\u00edan a la soluci\u00f3n de los problemas comunes en la frontera entre ambos pa\u00edses. El legislador mexicano destac\u00f3 la importancia de recurrir a los mecanismos institucionales bilaterales para abordar cuestiones como el tr\u00e1fico de personas, drogas y armas, en lugar de adoptar medidas unilaterales y perjudiciales para las econom\u00edas de ambos pa\u00edses.<\/p>\n<p>\u201cLa imposici\u00f3n de un posible arancel a productos mexicanos va en contra del T-MEC y no resuelve los problemas comunes de la frontera entre M\u00e9xico y Estados Unidos. Instamos a utilizar los mecanismos institucionales bilaterales para combatir el tr\u00e1fico de personas, drogas y armas\u201d, escribi\u00f3 Monreal en su mensaje.<\/p>\n<p>El l\u00edder morenista tambi\u00e9n advirti\u00f3 que una escalada de represalias comerciales solo perjudicar\u00eda a las personas comunes y afectar\u00eda directamente a las econom\u00edas de Am\u00e9rica del Norte. \u00abUna medida como esta ocasionar\u00eda severos da\u00f1os a la econom\u00eda y a la poblaci\u00f3n de Am\u00e9rica del Norte\u00bb, a\u00f1adi\u00f3.<\/p>\n<p>Monreal insisti\u00f3 en la necesidad de un enfoque diplom\u00e1tico y de cooperaci\u00f3n para tratar los problemas en la frontera, en lugar de recurrir a pol\u00edticas que podr\u00edan generar tensiones y afectar a los ciudadanos de ambos pa\u00edses.<\/p>\n","protected":false},"excerpt":{"rendered":"<p>\ud83d\udd38 El legislador subray\u00f3 que los aranceles no solo contravendr\u00edan los acuerdos establecidos en el&#8230;<\/p>\n","protected":false},"author":1,"featured_media":26730,"comment_status":"open","ping_status":"closed","sticky":false,"template":"","format":"standard","meta":{"footnotes":""},"categories":[17],"tags":[],"class_list":["post-26728","post","type-post","status-publish","format-standard","has-post-thumbnail","hentry","category-cdmx"],"_links":{"self":[{"href":"https:\/\/sacramentoqr.com\/index.php?rest_route=\/wp\/v2\/posts\/26728","targetHints":{"allow":["GET"]}}],"collection":[{"href":"https:\/\/sacramentoqr.com\/index.php?rest_route=\/wp\/v2\/posts"}],"about":[{"href":"https:\/\/sacramentoqr.com\/index.php?rest_route=\/wp\/v2\/types\/post"}],"author":[{"embeddable":true,"href":"https:\/\/sacramentoqr.com\/index.php?rest_route=\/wp\/v2\/users\/1"}],"replies":[{"embeddable":true,"href":"https:\/\/sacramentoqr.com\/index.php?rest_route=%2Fwp%2Fv2%2Fcomments&post=26728"}],"version-history":[{"count":1,"href":"https:\/\/sacramentoqr.com\/index.php?rest_route=\/wp\/v2\/posts\/26728\/revisions"}],"predecessor-version":[{"id":26729,"href":"https:\/\/sacramentoqr.com\/index.php?rest_route=\/wp\/v2\/posts\/26728\/revisions\/26729"}],"wp:featuredmedia":[{"embeddable":true,"href":"https:\/\/sacramentoqr.com\/index.php?rest_route=\/wp\/v2\/media\/26730"}],"wp:attachment":[{"href":"https:\/\/sacramentoqr.com\/index.php?rest_route=%2Fwp%2Fv2%2Fmedia&parent=26728"}],"wp:term":[{"taxonomy":"category","embeddable":true,"href":"https:\/\/sacramentoqr.com\/index.php?rest_route=%2Fwp%2Fv2%2Fcategories&post=26728"},{"taxonomy":"post_tag","embeddable":true,"href":"https:\/\/sacramentoqr.com\/index.php?rest_route=%2Fwp%2Fv2%2Ftags&post=26728"}],"curies":[{"name":"wp","href":"https:\/\/api.w.org\/{rel}","templated":true}]}}