{"id":26748,"date":"2024-11-27T10:13:57","date_gmt":"2024-11-27T15:13:57","guid":{"rendered":"https:\/\/sacramentoqr.com\/?p=26748"},"modified":"2024-11-27T15:13:58","modified_gmt":"2024-11-27T15:13:58","slug":"sujo-pelicula-mexicana-que-busca-el-oscar-estrenara-en-salas-de-eu","status":"publish","type":"post","link":"https:\/\/sacramentoqr.com\/?p=26748","title":{"rendered":"\u00abSujo\u00bb, pel\u00edcula mexicana que busca el Oscar, estrenar\u00e1 en salas de EU"},"content":{"rendered":"<p>\ud83d\udd38 La cinta llegar\u00e1 este 5 de diciembre a los cines de nuestro pa\u00eds<\/p>\n<p>#ESPECT\u00c1CULOS | \u00abSujo\u00bb, la apuesta mexicana para conseguir un lugar en la pr\u00f3xima entrega de los premios Oscar, ya prepara estreno en EU la semana pr\u00f3xima, lo cual podr\u00eda ayudarle en su camino a la ceremonia del 2025.<\/p>\n<p>A tierras estadounidenses llegar\u00e1 el viernes 6 de diciembre, un d\u00eda despu\u00e9s de su lanzamiento en salas nacionales.<\/p>\n<p>El pa\u00eds del norte se suma a otras naciones que ya la vieron en pantalla grande como Suiza, siguiendo despu\u00e9s Gran Breta\u00f1a y Espa\u00f1a.<\/p>\n<p>La cinta aborda la historia de un adolescente sin padre (Juan Jes\u00fas Varela), nacido en medio de la violencia del narco en Michoac\u00e1n, intentando salir de \u00e9l a pesar de tener aparentemente todo en contra.<\/p>\n<p>\u201cMe ha sorprendido que en zonas donde no hab\u00edamos vendido la anterior pel\u00edcula (\u201cSin se\u00f1as particulares\u201d) como en Emiratos \u00c1rabes, ahora s\u00ed. Hay algo ah\u00ed de contar historias de la dificultad de la adversidad, que creo que conecta con la gente\u201d, comenta Astrid Rondero, codirector del largometraje.<\/p>\n<p>\u201cSujo\u201d abri\u00f3 el a\u00f1o ganando el Gran Premio del Jurado en Sundance, el festival de cine independiente m\u00e1s importante del orbe y despu\u00e9s, en septiembre, el de Cooperaci\u00f3n Espa\u00f1ola, logrado en el certamen de San Sebasti\u00e1n.<\/p>\n<p>En la reciente edici\u00f3n del Festival Internacional de Cine de Morelia, el filme se llev\u00f3 a caso los galardones a pel\u00edcula, direcci\u00f3n (Rondero junto con Fernanda Valadez) y guion.<\/p>\n<p>Ahora mismo, la historia est\u00e1 siendo considerada por miembros de la Academia Americana de Cine quienes decidir\u00e1n este mes si el t\u00edtulo pasa a la short list en la categor\u00eda de Pel\u00edcula Internacional y, en caso de que as\u00ed suceda, definir\u00edan en enero si queda en la categor\u00eda final.<\/p>\n<p>Por lo pronto la respuesta del p\u00fablico donde se ha presentando, comenta Astrid, ha sido positiva. La semana pasada el diario Los \u00c1ngeles Times public\u00f3 sus predicciones camino al Oscar y coloc\u00f3 a \u201cSujo\u201d en cuarta posici\u00f3n, debajo de \u201cEmilia P\u00e9rez\u201d (Francia), \u201cI\u2019m still here\u201d (Brasil) y \u201cThe seed of the sacred fig\u201d (Alemania).<\/p>\n<p>\u201cEstoy sorprendida de la potencia que ha tenido, mucha gente sale conmovida, sienten que la historia habla un poco del esfuerzo que han hecho ya sea sus padres o ellos mismos para conseguir lo que quieren\u201d, considera Astrid.<\/p>\n","protected":false},"excerpt":{"rendered":"<p>\ud83d\udd38 La cinta llegar\u00e1 este 5 de diciembre a los cines de nuestro pa\u00eds #ESPECT\u00c1CULOS&#8230;<\/p>\n","protected":false},"author":1,"featured_media":26750,"comment_status":"open","ping_status":"closed","sticky":false,"template":"","format":"standard","meta":{"footnotes":""},"categories":[4],"tags":[],"class_list":["post-26748","post","type-post","status-publish","format-standard","has-post-thumbnail","hentry","category-espectaculos"],"_links":{"self":[{"href":"https:\/\/sacramentoqr.com\/index.php?rest_route=\/wp\/v2\/posts\/26748","targetHints":{"allow":["GET"]}}],"collection":[{"href":"https:\/\/sacramentoqr.com\/index.php?rest_route=\/wp\/v2\/posts"}],"about":[{"href":"https:\/\/sacramentoqr.com\/index.php?rest_route=\/wp\/v2\/types\/post"}],"author":[{"embeddable":true,"href":"https:\/\/sacramentoqr.com\/index.php?rest_route=\/wp\/v2\/users\/1"}],"replies":[{"embeddable":true,"href":"https:\/\/sacramentoqr.com\/index.php?rest_route=%2Fwp%2Fv2%2Fcomments&post=26748"}],"version-history":[{"count":1,"href":"https:\/\/sacramentoqr.com\/index.php?rest_route=\/wp\/v2\/posts\/26748\/revisions"}],"predecessor-version":[{"id":26749,"href":"https:\/\/sacramentoqr.com\/index.php?rest_route=\/wp\/v2\/posts\/26748\/revisions\/26749"}],"wp:featuredmedia":[{"embeddable":true,"href":"https:\/\/sacramentoqr.com\/index.php?rest_route=\/wp\/v2\/media\/26750"}],"wp:attachment":[{"href":"https:\/\/sacramentoqr.com\/index.php?rest_route=%2Fwp%2Fv2%2Fmedia&parent=26748"}],"wp:term":[{"taxonomy":"category","embeddable":true,"href":"https:\/\/sacramentoqr.com\/index.php?rest_route=%2Fwp%2Fv2%2Fcategories&post=26748"},{"taxonomy":"post_tag","embeddable":true,"href":"https:\/\/sacramentoqr.com\/index.php?rest_route=%2Fwp%2Fv2%2Ftags&post=26748"}],"curies":[{"name":"wp","href":"https:\/\/api.w.org\/{rel}","templated":true}]}}