{"id":26757,"date":"2024-11-28T12:24:30","date_gmt":"2024-11-28T17:24:30","guid":{"rendered":"https:\/\/sacramentoqr.com\/?p=26757"},"modified":"2024-11-28T17:24:31","modified_gmt":"2024-11-28T17:24:31","slug":"tiktok-vetara-los-filtros-de-belleza-a-los-menores-de-18-anos","status":"publish","type":"post","link":"https:\/\/sacramentoqr.com\/?p=26757","title":{"rendered":"TikTok vetar\u00e1 los filtros de belleza a los menores de 18 a\u00f1os"},"content":{"rendered":"<p>\ud83d\udd38 La medida de la red social responde a un estudio que plantea preocupaciones por el impacto de los efectos del embellecimiento en la salud mental de los menores<\/p>\n<p>#TECNOLOG\u00cdA | La red social china TikTok confirm\u00f3 al medio estadounidense The Verge que impedir\u00e1 a nivel global que los menores de 18 a\u00f1os usen efectos que alteran la apariencia, en referencia a los filtros de belleza, una medida tomada para proteger su salud mental.<\/p>\n<p>TikTok indic\u00f3 que la medida ser\u00e1 impuesta \u201cen las pr\u00f3ximas semanas\u201d y que responde a un estudio que encarg\u00f3 a la ONG brit\u00e1nica Internet Matters, que plantea preocupaciones por el impacto de esos filtros en el sentido de identidad de los menores.<\/p>\n<p>La red social, que ha celebrado esta semana un foro sobre seguridad en Dubl\u00edn, dijo que hay una \u201cdistinci\u00f3n clara\u201d entre los filtros dise\u00f1ados para ser \u201cobvios y divertidos\u201d, como los que a\u00f1aden rasgos animales, y los que \u201calteran tu apariencia\u201d de manera casi indetectable para quien mira.<\/p>\n<p>TikTok, en su comunicado sobre el foro, se comprometi\u00f3 a restringir el uso de \u201calgunos efectos de apariencia\u201d a los menores de 18 a\u00f1os y la responsable de Pol\u00edticas p\u00fablicas de seguridad y bienestar de Europa, Nikki Soo, confirm\u00f3 que la medida se aplicar\u00e1 en todo el mundo, recoge The Verge.<\/p>\n<p>La plataforma sostiene que ya dice \u201cproactivamente\u201d a los usuarios cu\u00e1ndo se han usado ciertos efectos en los contenidos que ven, pero ahora dar\u00e1 \u201cm\u00e1s informaci\u00f3n sobre c\u00f3mo un efecto puede cambiar su apariencia\u201d e incidir\u00e1 en hacer entender los \u201cresultados indeseados\u201d de estos.<\/p>\n<p>El mes pasado, catorce fiscales estatales de EE.UU. denunciaron a TikTok por perjudicar la salud mental infantil y la acusaron de usar un sistema de contenidos adictivo para lucrarse con los usuarios m\u00e1s j\u00f3venes, apuntando directamente al uso de este tipo de filtros.<\/p>\n<p>En concreto, denunciaron que los \u201cfiltros de belleza\u201d pueden bajar la autoestima, especialmente la de las chicas menores, y citaron estudios seg\u00fan los cuales el 50 por ciento no se ven lindas sin editar sus rostros y el 77 por ciento dicen que intentan cambiar u ocultar alguna parte de su cuerpo con esa herramienta.<\/p>\n<p>TikTok revel\u00f3 en su nota que tiene 175 millones de usuarios mensuales en Europa y que elimina 6 millones de cuentas cada mes creadas por menores de 13 (su edad m\u00ednima), por lo que colabora con ONG, legisladores y reguladores en reforzar sus barreras, y baraja ayudarse de la tecnolog\u00eda \u201cmachine learning\u201d.<\/p>\n<p>Tambi\u00e9n anunci\u00f3 que en las pr\u00f3ximas semanas ofrecer\u00e1 a sus usuarios en 13 pa\u00edses europeos l\u00edneas telef\u00f3nicas de ayuda locales con expertos para el momento en que \u201creporten contenidos en la app sobre suicidio, autolesi\u00f3n y acoso\u201d, que la plataforma ya investiga y elimina si detecta que se han violado sus pol\u00edticas.<\/p>\n","protected":false},"excerpt":{"rendered":"<p>\ud83d\udd38 La medida de la red social responde a un estudio que plantea preocupaciones por&#8230;<\/p>\n","protected":false},"author":1,"featured_media":26759,"comment_status":"open","ping_status":"closed","sticky":false,"template":"","format":"standard","meta":{"footnotes":""},"categories":[12],"tags":[],"class_list":["post-26757","post","type-post","status-publish","format-standard","has-post-thumbnail","hentry","category-tecnologia"],"_links":{"self":[{"href":"https:\/\/sacramentoqr.com\/index.php?rest_route=\/wp\/v2\/posts\/26757","targetHints":{"allow":["GET"]}}],"collection":[{"href":"https:\/\/sacramentoqr.com\/index.php?rest_route=\/wp\/v2\/posts"}],"about":[{"href":"https:\/\/sacramentoqr.com\/index.php?rest_route=\/wp\/v2\/types\/post"}],"author":[{"embeddable":true,"href":"https:\/\/sacramentoqr.com\/index.php?rest_route=\/wp\/v2\/users\/1"}],"replies":[{"embeddable":true,"href":"https:\/\/sacramentoqr.com\/index.php?rest_route=%2Fwp%2Fv2%2Fcomments&post=26757"}],"version-history":[{"count":1,"href":"https:\/\/sacramentoqr.com\/index.php?rest_route=\/wp\/v2\/posts\/26757\/revisions"}],"predecessor-version":[{"id":26758,"href":"https:\/\/sacramentoqr.com\/index.php?rest_route=\/wp\/v2\/posts\/26757\/revisions\/26758"}],"wp:featuredmedia":[{"embeddable":true,"href":"https:\/\/sacramentoqr.com\/index.php?rest_route=\/wp\/v2\/media\/26759"}],"wp:attachment":[{"href":"https:\/\/sacramentoqr.com\/index.php?rest_route=%2Fwp%2Fv2%2Fmedia&parent=26757"}],"wp:term":[{"taxonomy":"category","embeddable":true,"href":"https:\/\/sacramentoqr.com\/index.php?rest_route=%2Fwp%2Fv2%2Fcategories&post=26757"},{"taxonomy":"post_tag","embeddable":true,"href":"https:\/\/sacramentoqr.com\/index.php?rest_route=%2Fwp%2Fv2%2Ftags&post=26757"}],"curies":[{"name":"wp","href":"https:\/\/api.w.org\/{rel}","templated":true}]}}