{"id":26760,"date":"2024-11-28T12:26:14","date_gmt":"2024-11-28T17:26:14","guid":{"rendered":"https:\/\/sacramentoqr.com\/?p=26760"},"modified":"2024-11-28T17:26:15","modified_gmt":"2024-11-28T17:26:15","slug":"ministra-yasmin-esquivel-avala-prevalencia-de-la-cfe-en-el-sistema-electrico-tras-reforma-constitucional","status":"publish","type":"post","link":"https:\/\/sacramentoqr.com\/?p=26760","title":{"rendered":"Ministra Yasm\u00edn Esquivel avala prevalencia de la CFE en el sistema el\u00e9ctrico tras reforma constitucional"},"content":{"rendered":"<p>\ud83d\udd38 Los proyectos de la Ministra Yasm\u00edn Esquivel Mossa, aprobados por la Segunda Sala de la SCJN, destacan que la reforma constitucional de octubre de 2024 prioriza a la CFE, redefiniendo el objetivo del sistema el\u00e9ctrico hacia la seguridad y autosuficiencia energ\u00e9tica, dejando atr\u00e1s el enfoque de libre competencia.<\/p>\n<p>Bajo esta nueva pol\u00edtica energ\u00e9tica, los amparos previos contra la reforma el\u00e9ctrica de 2021 no pueden ejecutarse, ya que implicar\u00edan aplicar reglas derogadas que contravienen el marco constitucional vigente.<\/p>\n<p>#CDMX | La Segunda Sala de la Suprema Corte de Justicia de la Naci\u00f3n (SCJN) analiz\u00f3 ciertos casos donde se cuestionaba la constitucionalidad de m\u00faltiples normas previstas en la Ley de la Industria El\u00e9ctrica; no obstante, advirti\u00f3 la imposibilidad de emprender su an\u00e1lisis derivado de la reforma constitucional en materia de \u00e1reas y empresas estrat\u00e9gicas emitida en octubre de 2024.<\/p>\n<p>Estos casos surgen debido a que varios jueces de distrito concedieron diversos amparos contra la reforma el\u00e9ctrica de 2021, bajo el argumento de que se afectaba la libre competencia y concurrencia a los particulares porque se le hab\u00eda otorgado prioridad a la Comisi\u00f3n Federal de Electricidad (CFE) en la participaci\u00f3n del sector.<\/p>\n<p>Sin embargo, los proyectos presentados por la Ministra Yasm\u00edn Esquivel Mossa -aprobados por unanimidad de votos- indicaron que, a ra\u00edz de la reciente modificaci\u00f3n constitucional del modelo de la pol\u00edtica energ\u00e9tica, si bien permaneci\u00f3 la posibilidad de que los particulares participen en ciertos sectores de la industria el\u00e9ctrica, se modific\u00f3 el enfoque de libre competencia, dando prevalencia a la CFE.<\/p>\n<p>Esto significa que el actual objetivo del sistema el\u00e9ctrico nacional ya no gira en torno a la competitividad, sino que la preservaci\u00f3n de la seguridad y autosuficiencia energ\u00e9tica de la Naci\u00f3n, as\u00ed como el proveer al pueblo de la electricidad al menor precio posible -evitando el lucro- para garantizar la seguridad nacional y soberan\u00eda a trav\u00e9s de la CFE son ahora prioridad.<\/p>\n<p>Por esta raz\u00f3n, la Segunda Sala determin\u00f3 que, al existir un cambio normativo conforme al cual todas las autoridades -de ahora en adelante- deber\u00e1n priorizar a la empresa p\u00fablica del Estado -CFE-, es imposible pretender aplicar las reglas anteriores, ya que contradicen al nuevo texto constitucional.<\/p>\n<p>En tal virtud, se determin\u00f3 modificar y sobreseer los amparos previamente concedidos, pues, de lo contrario, se traducir\u00eda a una abierta inobservancia al r\u00e9gimen constitucional vigente.<\/p>\n","protected":false},"excerpt":{"rendered":"<p>\ud83d\udd38 Los proyectos de la Ministra Yasm\u00edn Esquivel Mossa, aprobados por la Segunda Sala de&#8230;<\/p>\n","protected":false},"author":1,"featured_media":26762,"comment_status":"open","ping_status":"closed","sticky":false,"template":"","format":"standard","meta":{"footnotes":""},"categories":[17],"tags":[],"class_list":["post-26760","post","type-post","status-publish","format-standard","has-post-thumbnail","hentry","category-cdmx"],"_links":{"self":[{"href":"https:\/\/sacramentoqr.com\/index.php?rest_route=\/wp\/v2\/posts\/26760","targetHints":{"allow":["GET"]}}],"collection":[{"href":"https:\/\/sacramentoqr.com\/index.php?rest_route=\/wp\/v2\/posts"}],"about":[{"href":"https:\/\/sacramentoqr.com\/index.php?rest_route=\/wp\/v2\/types\/post"}],"author":[{"embeddable":true,"href":"https:\/\/sacramentoqr.com\/index.php?rest_route=\/wp\/v2\/users\/1"}],"replies":[{"embeddable":true,"href":"https:\/\/sacramentoqr.com\/index.php?rest_route=%2Fwp%2Fv2%2Fcomments&post=26760"}],"version-history":[{"count":1,"href":"https:\/\/sacramentoqr.com\/index.php?rest_route=\/wp\/v2\/posts\/26760\/revisions"}],"predecessor-version":[{"id":26761,"href":"https:\/\/sacramentoqr.com\/index.php?rest_route=\/wp\/v2\/posts\/26760\/revisions\/26761"}],"wp:featuredmedia":[{"embeddable":true,"href":"https:\/\/sacramentoqr.com\/index.php?rest_route=\/wp\/v2\/media\/26762"}],"wp:attachment":[{"href":"https:\/\/sacramentoqr.com\/index.php?rest_route=%2Fwp%2Fv2%2Fmedia&parent=26760"}],"wp:term":[{"taxonomy":"category","embeddable":true,"href":"https:\/\/sacramentoqr.com\/index.php?rest_route=%2Fwp%2Fv2%2Fcategories&post=26760"},{"taxonomy":"post_tag","embeddable":true,"href":"https:\/\/sacramentoqr.com\/index.php?rest_route=%2Fwp%2Fv2%2Ftags&post=26760"}],"curies":[{"name":"wp","href":"https:\/\/api.w.org\/{rel}","templated":true}]}}